{"id":12176,"date":"2013-02-13T09:12:52","date_gmt":"2013-02-13T08:12:52","guid":{"rendered":"http:\/\/www.kunstgalerie-barbara.de\/blog\/?p=12176"},"modified":"2013-02-13T09:18:39","modified_gmt":"2013-02-13T08:18:39","slug":"bisis-kampf-mit-strammer-max","status":"publish","type":"post","link":"http:\/\/www.kunstgalerie-barbara.de\/blog\/2013\/02\/bisis-kampf-mit-strammer-max\/","title":{"rendered":"Bisi&#8217;s Kampf mit strammer Max&#8230;"},"content":{"rendered":"<p style=\"text-align: center;\"><a href=\"http:\/\/www.kunstgalerie-barbara.de\/blog\/wp-content\/uploads\/2013\/02\/page2.jpg\"><img loading=\"lazy\" decoding=\"async\" class=\"aligncenter size-full wp-image-12178\" title=\"page\" src=\"http:\/\/www.kunstgalerie-barbara.de\/blog\/wp-content\/uploads\/2013\/02\/page2.jpg\" alt=\"\" width=\"404\" height=\"404\" srcset=\"http:\/\/www.kunstgalerie-barbara.de\/blog\/wp-content\/uploads\/2013\/02\/page2.jpg 404w, http:\/\/www.kunstgalerie-barbara.de\/blog\/wp-content\/uploads\/2013\/02\/page2-150x150.jpg 150w, http:\/\/www.kunstgalerie-barbara.de\/blog\/wp-content\/uploads\/2013\/02\/page2-300x300.jpg 300w\" sizes=\"(max-width: 404px) 100vw, 404px\" \/><\/a>&#8230;meist sind sie unsichtbar f\u00fcreinander, doch diesmal sah Bisi seinen Katzenbruder doch, als dieser sich anschickte von uns eingelassen zu werden!<br \/>\nMitunter bekamen sie sich doch zu Gesicht, von Weitem nur, was Bisi mit b\u00f6sem Fauchen quittierte. Diesmal allerdings entdeckte er den, der ihm so \u00e4hnlich sieht, vor dem K\u00fcchenfenster und ist h\u00f6chst irritiert. Wie kommt dieser andere dazu, so dreist in sein Revier einzudringen.<!--more--> Das geht gar nicht! Er\u00a0 st\u00fcrzt sich auf ihn und verpa\u00dft ihm ein paar wohlgezielte Haken mit seinen Krallen, doch sein Gegen\u00fcber l\u00e4\u00dft dies nicht auf sich beruhen und schl\u00e4gt zur\u00fcck. Fauchend und knurrend sitzen sie da, sich gegenseitig nicht aus den Augen lassend. Wobei strammer Max sich in einer Zwickm\u00fchle befindet, eingekeilt zwischen K\u00fcchenfenster und Blument\u00f6pfen und vor ihm Bisi, der ihm den geregelten Abzug versperrt. Irgendwann in einem Moment der nachlassenden Aufmerksamkeit, kann Bisi&#8217;s Zwillingskater das Weite suchen und unser Kater bleibt irritiert und mit einer Nasenblessur zur\u00fcck!<\/p>\n","protected":false},"excerpt":{"rendered":"<p>&#8230;meist sind sie unsichtbar f\u00fcreinander, doch diesmal sah Bisi seinen Katzenbruder doch, als dieser sich anschickte von uns eingelassen zu werden! Mitunter bekamen sie sich doch zu Gesicht, von Weitem nur, was Bisi mit b\u00f6sem Fauchen quittierte. Diesmal allerdings entdeckte er den, der ihm so \u00e4hnlich sieht, vor dem K\u00fcchenfenster und ist h\u00f6chst irritiert. Wie kommt dieser andere dazu, so dreist in sein Revier einzudringen.<\/p>\n","protected":false},"author":1,"featured_media":0,"comment_status":"open","ping_status":"open","sticky":false,"template":"","format":"standard","meta":{"footnotes":""},"categories":[26,59,51],"tags":[],"jetpack_featured_media_url":"","_links":{"self":[{"href":"http:\/\/www.kunstgalerie-barbara.de\/blog\/wp-json\/wp\/v2\/posts\/12176"}],"collection":[{"href":"http:\/\/www.kunstgalerie-barbara.de\/blog\/wp-json\/wp\/v2\/posts"}],"about":[{"href":"http:\/\/www.kunstgalerie-barbara.de\/blog\/wp-json\/wp\/v2\/types\/post"}],"author":[{"embeddable":true,"href":"http:\/\/www.kunstgalerie-barbara.de\/blog\/wp-json\/wp\/v2\/users\/1"}],"replies":[{"embeddable":true,"href":"http:\/\/www.kunstgalerie-barbara.de\/blog\/wp-json\/wp\/v2\/comments?post=12176"}],"version-history":[{"count":1,"href":"http:\/\/www.kunstgalerie-barbara.de\/blog\/wp-json\/wp\/v2\/posts\/12176\/revisions"}],"predecessor-version":[{"id":12185,"href":"http:\/\/www.kunstgalerie-barbara.de\/blog\/wp-json\/wp\/v2\/posts\/12176\/revisions\/12185"}],"wp:attachment":[{"href":"http:\/\/www.kunstgalerie-barbara.de\/blog\/wp-json\/wp\/v2\/media?parent=12176"}],"wp:term":[{"taxonomy":"category","embeddable":true,"href":"http:\/\/www.kunstgalerie-barbara.de\/blog\/wp-json\/wp\/v2\/categories?post=12176"},{"taxonomy":"post_tag","embeddable":true,"href":"http:\/\/www.kunstgalerie-barbara.de\/blog\/wp-json\/wp\/v2\/tags?post=12176"}],"curies":[{"name":"wp","href":"https:\/\/api.w.org\/{rel}","templated":true}]}}