{"id":12192,"date":"2013-02-15T09:34:43","date_gmt":"2013-02-15T08:34:43","guid":{"rendered":"http:\/\/www.kunstgalerie-barbara.de\/blog\/?p=12192"},"modified":"2013-02-15T09:35:34","modified_gmt":"2013-02-15T08:35:34","slug":"rosen-fuer-den-valentinstag-legen-einen-sehr-weiten-weg-zurueck","status":"publish","type":"post","link":"http:\/\/www.kunstgalerie-barbara.de\/blog\/2013\/02\/rosen-fuer-den-valentinstag-legen-einen-sehr-weiten-weg-zurueck\/","title":{"rendered":"Rosen f\u00fcr den Valentinstag legen einen sehr weiten Weg zur\u00fcck&#8230;"},"content":{"rendered":"<p><a href=\"http:\/\/www.kunstgalerie-barbara.de\/blog\/wp-content\/uploads\/2013\/02\/P1250012-Kopie.jpg\"><img loading=\"lazy\" decoding=\"async\" class=\"aligncenter size-full wp-image-12193\" title=\"P1250012 Kopie\" src=\"http:\/\/www.kunstgalerie-barbara.de\/blog\/wp-content\/uploads\/2013\/02\/P1250012-Kopie.jpg\" alt=\"\" width=\"470\" height=\"313\" srcset=\"http:\/\/www.kunstgalerie-barbara.de\/blog\/wp-content\/uploads\/2013\/02\/P1250012-Kopie.jpg 470w, http:\/\/www.kunstgalerie-barbara.de\/blog\/wp-content\/uploads\/2013\/02\/P1250012-Kopie-300x199.jpg 300w\" sizes=\"(max-width: 470px) 100vw, 470px\" \/><\/a>&#8230;sie werden n\u00e4mlich entweder in S\u00fcdamerika oder Afrika angebaut. Rosen im Winter sind nur deshalb f\u00fcr uns noch erschwinglich, weil Stundenl\u00f6hne in Afrika oder S\u00fcdamerika noch so unvergleichlich niedrig sind und der Preis f\u00fcr den Transport per Flugzeug sich noch im Rahmen h\u00e4lt.<\/p>\n<p><a href=\"http:\/\/www.zdf.de\/ZDFmediathek\/beitrag\/video\/1835288\/#\/beitrag\/video\/1835288\/Gruene-Rosen\">http:\/\/www.zdf.de\/ZDFmediathek\/beitrag\/video\/1835288\/#\/beitrag\/video\/1835288\/Gruene-Rosen<\/a><\/p>\n","protected":false},"excerpt":{"rendered":"<p>&#8230;sie werden n\u00e4mlich entweder in S\u00fcdamerika oder Afrika angebaut. Rosen im Winter sind nur deshalb f\u00fcr uns noch erschwinglich, weil Stundenl\u00f6hne in Afrika oder S\u00fcdamerika noch so unvergleichlich niedrig sind und der Preis f\u00fcr den Transport per Flugzeug sich noch im Rahmen h\u00e4lt. http:\/\/www.zdf.de\/ZDFmediathek\/beitrag\/video\/1835288\/#\/beitrag\/video\/1835288\/Gruene-Rosen<\/p>\n","protected":false},"author":1,"featured_media":0,"comment_status":"open","ping_status":"open","sticky":false,"template":"","format":"standard","meta":{"footnotes":""},"categories":[42,51],"tags":[],"jetpack_featured_media_url":"","_links":{"self":[{"href":"http:\/\/www.kunstgalerie-barbara.de\/blog\/wp-json\/wp\/v2\/posts\/12192"}],"collection":[{"href":"http:\/\/www.kunstgalerie-barbara.de\/blog\/wp-json\/wp\/v2\/posts"}],"about":[{"href":"http:\/\/www.kunstgalerie-barbara.de\/blog\/wp-json\/wp\/v2\/types\/post"}],"author":[{"embeddable":true,"href":"http:\/\/www.kunstgalerie-barbara.de\/blog\/wp-json\/wp\/v2\/users\/1"}],"replies":[{"embeddable":true,"href":"http:\/\/www.kunstgalerie-barbara.de\/blog\/wp-json\/wp\/v2\/comments?post=12192"}],"version-history":[{"count":1,"href":"http:\/\/www.kunstgalerie-barbara.de\/blog\/wp-json\/wp\/v2\/posts\/12192\/revisions"}],"predecessor-version":[{"id":12197,"href":"http:\/\/www.kunstgalerie-barbara.de\/blog\/wp-json\/wp\/v2\/posts\/12192\/revisions\/12197"}],"wp:attachment":[{"href":"http:\/\/www.kunstgalerie-barbara.de\/blog\/wp-json\/wp\/v2\/media?parent=12192"}],"wp:term":[{"taxonomy":"category","embeddable":true,"href":"http:\/\/www.kunstgalerie-barbara.de\/blog\/wp-json\/wp\/v2\/categories?post=12192"},{"taxonomy":"post_tag","embeddable":true,"href":"http:\/\/www.kunstgalerie-barbara.de\/blog\/wp-json\/wp\/v2\/tags?post=12192"}],"curies":[{"name":"wp","href":"https:\/\/api.w.org\/{rel}","templated":true}]}}