{"id":12198,"date":"2013-02-16T11:38:21","date_gmt":"2013-02-16T10:38:21","guid":{"rendered":"http:\/\/www.kunstgalerie-barbara.de\/blog\/?p=12198"},"modified":"2013-02-16T11:39:10","modified_gmt":"2013-02-16T10:39:10","slug":"nur-ein-paar-regentropfen-am-autofenster","status":"publish","type":"post","link":"http:\/\/www.kunstgalerie-barbara.de\/blog\/2013\/02\/nur-ein-paar-regentropfen-am-autofenster\/","title":{"rendered":"Nur ein paar Regentropfen am Autofenster&#8230;"},"content":{"rendered":"<p style=\"text-align: center;\"><a href=\"http:\/\/www.kunstgalerie-barbara.de\/blog\/wp-content\/uploads\/2013\/02\/DSC_0021-Kopie.jpg\"><img loading=\"lazy\" decoding=\"async\" class=\"aligncenter size-full wp-image-12199\" title=\"DSC_0021 Kopie\" src=\"http:\/\/www.kunstgalerie-barbara.de\/blog\/wp-content\/uploads\/2013\/02\/DSC_0021-Kopie.jpg\" alt=\"\" width=\"399\" height=\"600\" srcset=\"http:\/\/www.kunstgalerie-barbara.de\/blog\/wp-content\/uploads\/2013\/02\/DSC_0021-Kopie.jpg 399w, http:\/\/www.kunstgalerie-barbara.de\/blog\/wp-content\/uploads\/2013\/02\/DSC_0021-Kopie-199x300.jpg 199w\" sizes=\"(max-width: 399px) 100vw, 399px\" \/><\/a>&#8230;wollte ich ablichten, doch pl\u00f6tzlich steht eine Frau im Verkaufskittel vor demselben und bedeutet mir, ich solle es herunterlassen, sie wolle mit mir sprechen. Gesagt, getan! Freundlich aber bestimmt sagte sie mir dann, ich d\u00fcrfe hier nicht fotografieren. Erst jetzt fiel mir auf, da\u00df wir vor dem Schaufenster eines B\u00e4ckerladens geparkt hatten. Die Verk\u00e4uferinnen drinnen hinter der Theke starrten mich feindseelig an. Warum blo\u00df? <!--more-->Wieder hub die Frau vor meinem Autofenster stereotyp an, ihren Satz zu wiederholen, mit dem Zusatz, wenn ich hier fotogefieren wolle, m\u00fcsse ich den Chef fragen. Jetzt ging mir ein Licht auf, s\u00e4mtliche B\u00e4ckereiinsassinnen vermuteten, ich h\u00e4tte sie aufs Korn genommen und abgelichtet. Ich versuchte ihr klar zu machen, da\u00df nicht die B\u00e4ckerei mein Fokos war, sondern die Regentropfen an der Scheibe meines Autos. Ich zeigte ihr auch das Resultat auf dem Display. Vergeblich, sie schien nicht zu begreifen. Immer auf Neue wiederholte sie wie einstudiert diese zwei mir schon bekannten S\u00e4tze.<br \/>\nNein, sie hatte doch schon etwas mehr drauf, denn sie erweiterte pl\u00f6tzlich das bisher Gesagte mit der Drohung, wenn ich nicht aufh\u00f6ren w\u00fcrde zu fotografieren, m\u00fcsse sie andere Schritte einleiten, setzte aber beg\u00fctigend hinzu, wenn sie von mir in der Zukunft nichts h\u00f6ren und sehen w\u00fcrde, k\u00f6nne man ja die Sache auf sich beruhen lassen.<br \/>\nDa ich anscheinend mit meiner Erkl\u00e4rung\u00a0 nicht bis zu ihr durchdrang, unterlie\u00df ich alles weitere in der Richtung, nickte nur und sagte o.k.<br \/>\nDie Frage ist nur, was um alles in der Welt vermuteten die Verk\u00e4uferinnen in mir, Presse, Privatdetektiv, Mafia oder andere Abseitigkeiten?<\/p>\n","protected":false},"excerpt":{"rendered":"<p>&#8230;wollte ich ablichten, doch pl\u00f6tzlich steht eine Frau im Verkaufskittel vor demselben und bedeutet mir, ich solle es herunterlassen, sie wolle mit mir sprechen. Gesagt, getan! Freundlich aber bestimmt sagte sie mir dann, ich d\u00fcrfe hier nicht fotografieren. Erst jetzt fiel mir auf, da\u00df wir vor dem Schaufenster eines B\u00e4ckerladens geparkt hatten. Die Verk\u00e4uferinnen drinnen hinter der Theke starrten mich feindseelig an. Warum blo\u00df?<\/p>\n","protected":false},"author":1,"featured_media":0,"comment_status":"open","ping_status":"open","sticky":false,"template":"","format":"standard","meta":{"footnotes":""},"categories":[19,51],"tags":[],"jetpack_featured_media_url":"","_links":{"self":[{"href":"http:\/\/www.kunstgalerie-barbara.de\/blog\/wp-json\/wp\/v2\/posts\/12198"}],"collection":[{"href":"http:\/\/www.kunstgalerie-barbara.de\/blog\/wp-json\/wp\/v2\/posts"}],"about":[{"href":"http:\/\/www.kunstgalerie-barbara.de\/blog\/wp-json\/wp\/v2\/types\/post"}],"author":[{"embeddable":true,"href":"http:\/\/www.kunstgalerie-barbara.de\/blog\/wp-json\/wp\/v2\/users\/1"}],"replies":[{"embeddable":true,"href":"http:\/\/www.kunstgalerie-barbara.de\/blog\/wp-json\/wp\/v2\/comments?post=12198"}],"version-history":[{"count":1,"href":"http:\/\/www.kunstgalerie-barbara.de\/blog\/wp-json\/wp\/v2\/posts\/12198\/revisions"}],"predecessor-version":[{"id":12201,"href":"http:\/\/www.kunstgalerie-barbara.de\/blog\/wp-json\/wp\/v2\/posts\/12198\/revisions\/12201"}],"wp:attachment":[{"href":"http:\/\/www.kunstgalerie-barbara.de\/blog\/wp-json\/wp\/v2\/media?parent=12198"}],"wp:term":[{"taxonomy":"category","embeddable":true,"href":"http:\/\/www.kunstgalerie-barbara.de\/blog\/wp-json\/wp\/v2\/categories?post=12198"},{"taxonomy":"post_tag","embeddable":true,"href":"http:\/\/www.kunstgalerie-barbara.de\/blog\/wp-json\/wp\/v2\/tags?post=12198"}],"curies":[{"name":"wp","href":"https:\/\/api.w.org\/{rel}","templated":true}]}}