{"id":12202,"date":"2013-02-17T09:19:41","date_gmt":"2013-02-17T08:19:41","guid":{"rendered":"http:\/\/www.kunstgalerie-barbara.de\/blog\/?p=12202"},"modified":"2013-02-17T09:19:41","modified_gmt":"2013-02-17T08:19:41","slug":"kartoffelpizza-2","status":"publish","type":"post","link":"http:\/\/www.kunstgalerie-barbara.de\/blog\/2013\/02\/kartoffelpizza-2\/","title":{"rendered":"Kartoffelpizza"},"content":{"rendered":"<p style=\"text-align: center;\"><a href=\"http:\/\/www.kunstgalerie-barbara.de\/blog\/wp-content\/uploads\/2013\/02\/page3.jpg\"><img loading=\"lazy\" decoding=\"async\" class=\"aligncenter size-full wp-image-12203\" title=\"page\" src=\"http:\/\/www.kunstgalerie-barbara.de\/blog\/wp-content\/uploads\/2013\/02\/page3.jpg\" alt=\"\" width=\"404\" height=\"404\" srcset=\"http:\/\/www.kunstgalerie-barbara.de\/blog\/wp-content\/uploads\/2013\/02\/page3.jpg 404w, http:\/\/www.kunstgalerie-barbara.de\/blog\/wp-content\/uploads\/2013\/02\/page3-150x150.jpg 150w, http:\/\/www.kunstgalerie-barbara.de\/blog\/wp-content\/uploads\/2013\/02\/page3-300x300.jpg 300w\" sizes=\"(max-width: 404px) 100vw, 404px\" \/><\/a>geht so:<!--more--><em><strong>250 Gramm Vollkornmehl<\/strong><\/em><br \/>\n<em><strong>250 Gramm Mehl 1050<\/strong><\/em><br \/>\n<em><strong>2 T\u00fctchen Hefe<\/strong><\/em><br \/>\n<em><strong>1Teel\u00f6ffel Salz<\/strong><\/em><br \/>\n<em><strong>einen guten Schu\u00df Speise\u00f6l<\/strong><\/em><br \/>\n<em><strong>mit einer Tasse lauwarmem Wasser in der K\u00fcchenmaschine verkneten und gehen lassen, bis der Teig\u00a0 sich verdoppelt hat.<\/strong><\/em><\/p>\n<p style=\"text-align: center;\"><em><strong>Den Teig normal kurz durchkneten, dann ausrollen und auf ein Kuchenblech legen!<\/strong><\/em><br \/>\n<em><strong>Ein Becher Schmand mit Salz, gerebbeltem Oregano und gemahlenem Pfeffer verr\u00fchren und auf den Hefeteig streichen.<\/strong><\/em><\/p>\n<p style=\"text-align: center;\"><em><strong>Ein oder zwei Kartoffeln sch\u00e4len und in ganz d\u00fcnne Streifen schneiden. Die Kartoffelstreifen auf dem Teig verteilen und dar\u00fcber kleingeschnittenen Mozzarella steuen. Dann ab in den Backofen und auf mittlerer Schiene bei 200\u00b0 30-40 Minuten backen!<\/strong><\/em><\/p>\n<p style=\"text-align: center;\"><em><strong>Guten Appetit<\/strong><\/em><\/p>\n","protected":false},"excerpt":{"rendered":"<p>geht so:<\/p>\n","protected":false},"author":1,"featured_media":0,"comment_status":"open","ping_status":"open","sticky":false,"template":"","format":"standard","meta":{"footnotes":""},"categories":[27,51],"tags":[],"jetpack_featured_media_url":"","_links":{"self":[{"href":"http:\/\/www.kunstgalerie-barbara.de\/blog\/wp-json\/wp\/v2\/posts\/12202"}],"collection":[{"href":"http:\/\/www.kunstgalerie-barbara.de\/blog\/wp-json\/wp\/v2\/posts"}],"about":[{"href":"http:\/\/www.kunstgalerie-barbara.de\/blog\/wp-json\/wp\/v2\/types\/post"}],"author":[{"embeddable":true,"href":"http:\/\/www.kunstgalerie-barbara.de\/blog\/wp-json\/wp\/v2\/users\/1"}],"replies":[{"embeddable":true,"href":"http:\/\/www.kunstgalerie-barbara.de\/blog\/wp-json\/wp\/v2\/comments?post=12202"}],"version-history":[{"count":1,"href":"http:\/\/www.kunstgalerie-barbara.de\/blog\/wp-json\/wp\/v2\/posts\/12202\/revisions"}],"predecessor-version":[{"id":12204,"href":"http:\/\/www.kunstgalerie-barbara.de\/blog\/wp-json\/wp\/v2\/posts\/12202\/revisions\/12204"}],"wp:attachment":[{"href":"http:\/\/www.kunstgalerie-barbara.de\/blog\/wp-json\/wp\/v2\/media?parent=12202"}],"wp:term":[{"taxonomy":"category","embeddable":true,"href":"http:\/\/www.kunstgalerie-barbara.de\/blog\/wp-json\/wp\/v2\/categories?post=12202"},{"taxonomy":"post_tag","embeddable":true,"href":"http:\/\/www.kunstgalerie-barbara.de\/blog\/wp-json\/wp\/v2\/tags?post=12202"}],"curies":[{"name":"wp","href":"https:\/\/api.w.org\/{rel}","templated":true}]}}