{"id":12206,"date":"2013-02-18T08:23:05","date_gmt":"2013-02-18T07:23:05","guid":{"rendered":"http:\/\/www.kunstgalerie-barbara.de\/blog\/?p=12206"},"modified":"2013-02-18T08:26:06","modified_gmt":"2013-02-18T07:26:06","slug":"ein-kleiner-gefiederter-gast-aus-dem-norden","status":"publish","type":"post","link":"http:\/\/www.kunstgalerie-barbara.de\/blog\/2013\/02\/ein-kleiner-gefiederter-gast-aus-dem-norden\/","title":{"rendered":"Ein kleiner gefiederter Gast aus dem Norden&#8230;"},"content":{"rendered":"<p style=\"text-align: center;\"><a href=\"http:\/\/www.kunstgalerie-barbara.de\/blog\/wp-content\/uploads\/2013\/02\/P1260265-Kopie.jpg\"><img loading=\"lazy\" decoding=\"async\" class=\"aligncenter size-full wp-image-12207\" title=\"P1260265 Kopie\" src=\"http:\/\/www.kunstgalerie-barbara.de\/blog\/wp-content\/uploads\/2013\/02\/P1260265-Kopie.jpg\" alt=\"\" width=\"475\" height=\"359\" srcset=\"http:\/\/www.kunstgalerie-barbara.de\/blog\/wp-content\/uploads\/2013\/02\/P1260265-Kopie.jpg 475w, http:\/\/www.kunstgalerie-barbara.de\/blog\/wp-content\/uploads\/2013\/02\/P1260265-Kopie-300x226.jpg 300w\" sizes=\"(max-width: 475px) 100vw, 475px\" \/><\/a>&#8230;eine Schwanzmeise!<br \/>\nMeist sind in unserem Garten Blaumeisen und Kohlmeisen zu Gast. Seit ein paar Wintern\u00a0 auch Schwanzmeisen, die\u00a0allerdings nicht unbedingt zu den Zugv\u00f6geln geh\u00f6ren! Ich nehme an, ihnen war es dort wo sie auch immer herkommen m\u00f6gen, einfach zu eisig!<\/p>\n","protected":false},"excerpt":{"rendered":"<p>&#8230;eine Schwanzmeise! Meist sind in unserem Garten Blaumeisen und Kohlmeisen zu Gast. Seit ein paar Wintern\u00a0 auch Schwanzmeisen, die\u00a0allerdings nicht unbedingt zu den Zugv\u00f6geln geh\u00f6ren! Ich nehme an, ihnen war es dort wo sie auch immer herkommen m\u00f6gen, einfach zu eisig!<\/p>\n","protected":false},"author":1,"featured_media":0,"comment_status":"open","ping_status":"open","sticky":false,"template":"","format":"standard","meta":{"footnotes":""},"categories":[22,26,51],"tags":[],"jetpack_featured_media_url":"","_links":{"self":[{"href":"http:\/\/www.kunstgalerie-barbara.de\/blog\/wp-json\/wp\/v2\/posts\/12206"}],"collection":[{"href":"http:\/\/www.kunstgalerie-barbara.de\/blog\/wp-json\/wp\/v2\/posts"}],"about":[{"href":"http:\/\/www.kunstgalerie-barbara.de\/blog\/wp-json\/wp\/v2\/types\/post"}],"author":[{"embeddable":true,"href":"http:\/\/www.kunstgalerie-barbara.de\/blog\/wp-json\/wp\/v2\/users\/1"}],"replies":[{"embeddable":true,"href":"http:\/\/www.kunstgalerie-barbara.de\/blog\/wp-json\/wp\/v2\/comments?post=12206"}],"version-history":[{"count":1,"href":"http:\/\/www.kunstgalerie-barbara.de\/blog\/wp-json\/wp\/v2\/posts\/12206\/revisions"}],"predecessor-version":[{"id":12212,"href":"http:\/\/www.kunstgalerie-barbara.de\/blog\/wp-json\/wp\/v2\/posts\/12206\/revisions\/12212"}],"wp:attachment":[{"href":"http:\/\/www.kunstgalerie-barbara.de\/blog\/wp-json\/wp\/v2\/media?parent=12206"}],"wp:term":[{"taxonomy":"category","embeddable":true,"href":"http:\/\/www.kunstgalerie-barbara.de\/blog\/wp-json\/wp\/v2\/categories?post=12206"},{"taxonomy":"post_tag","embeddable":true,"href":"http:\/\/www.kunstgalerie-barbara.de\/blog\/wp-json\/wp\/v2\/tags?post=12206"}],"curies":[{"name":"wp","href":"https:\/\/api.w.org\/{rel}","templated":true}]}}