{"id":12216,"date":"2013-02-21T07:44:06","date_gmt":"2013-02-21T06:44:06","guid":{"rendered":"http:\/\/www.kunstgalerie-barbara.de\/blog\/?p=12216"},"modified":"2013-03-03T06:20:19","modified_gmt":"2013-03-03T05:20:19","slug":"ob-nun-pferdefleisch-in-der-lasagne-oder-im-burger-steckt-oder-nicht","status":"publish","type":"post","link":"http:\/\/www.kunstgalerie-barbara.de\/blog\/2013\/02\/ob-nun-pferdefleisch-in-der-lasagne-oder-im-burger-steckt-oder-nicht\/","title":{"rendered":"Ob nun Pferdefleisch in der Lasagne oder im Burger steckt oder nicht&#8230;"},"content":{"rendered":"<p>&nbsp;<\/p>\n<p>&#8230;diese Diskussion ist und bleibt eine Luxus-Diskussion und ist nur im satten Mitteleuropa denkbar! Dort, wo Hunger herrscht auf der Welt, w\u00e4re es den Menschen herzlich egal, ob sie nun Rind, Schwein, Pferd oder anderes Getier im Kochttopf zu haben, Hauptsache ist, satt zu werden und nicht hungern zu m\u00fcssen. <!--more-->Dar\u00fcber hinaus w\u00e4re\u00a0 ohnhin\u00a0 w\u00fcnschenswert, wenn jene, die in unseren Breitengraden so bedenkenlos ins K\u00fchlregal greifen, mal ein wenig zum Nachdenken angeregt w\u00fcrden, wo und unter welchen Umst\u00e4nden, das Nahrungsmittel zustande kommt, was sie meist so gedankenlos in sich hineinstopfen. Hemmungen Fleisch zu essen, ist nicht unbedingt das Schlechteste, denn es k\u00f6nnte dazu f\u00fchren, das jene Zweifler, sich von heute an etwas h\u00e4ufiger in der Gem\u00fcserecke aufhalten, was ihrer Gesundheit nur zutr\u00e4glich w\u00e4re!<\/p>\n<p>&nbsp;<\/p>\n<p><a href=\"http:\/\/www.zeit.de\/wissen\/umwelt\/2013-02\/Pferdefleisch-Kommentar-Verbraucherschutz\">http:\/\/www.zeit.de\/wissen\/umwelt\/2013-02\/Pferdefleisch-Kommentar-Verbraucherschutz<\/a><\/p>\n","protected":false},"excerpt":{"rendered":"<p>&nbsp; &#8230;diese Diskussion ist und bleibt eine Luxus-Diskussion und ist nur im satten Mitteleuropa denkbar! Dort, wo Hunger herrscht auf der Welt, w\u00e4re es den Menschen herzlich egal, ob sie nun Rind, Schwein, Pferd oder anderes Getier im Kochttopf zu haben, Hauptsache ist, satt zu werden und nicht hungern zu m\u00fcssen.<\/p>\n","protected":false},"author":1,"featured_media":0,"comment_status":"open","ping_status":"open","sticky":false,"template":"","format":"standard","meta":{"footnotes":""},"categories":[42,19,51],"tags":[],"jetpack_featured_media_url":"","_links":{"self":[{"href":"http:\/\/www.kunstgalerie-barbara.de\/blog\/wp-json\/wp\/v2\/posts\/12216"}],"collection":[{"href":"http:\/\/www.kunstgalerie-barbara.de\/blog\/wp-json\/wp\/v2\/posts"}],"about":[{"href":"http:\/\/www.kunstgalerie-barbara.de\/blog\/wp-json\/wp\/v2\/types\/post"}],"author":[{"embeddable":true,"href":"http:\/\/www.kunstgalerie-barbara.de\/blog\/wp-json\/wp\/v2\/users\/1"}],"replies":[{"embeddable":true,"href":"http:\/\/www.kunstgalerie-barbara.de\/blog\/wp-json\/wp\/v2\/comments?post=12216"}],"version-history":[{"count":1,"href":"http:\/\/www.kunstgalerie-barbara.de\/blog\/wp-json\/wp\/v2\/posts\/12216\/revisions"}],"predecessor-version":[{"id":12263,"href":"http:\/\/www.kunstgalerie-barbara.de\/blog\/wp-json\/wp\/v2\/posts\/12216\/revisions\/12263"}],"wp:attachment":[{"href":"http:\/\/www.kunstgalerie-barbara.de\/blog\/wp-json\/wp\/v2\/media?parent=12216"}],"wp:term":[{"taxonomy":"category","embeddable":true,"href":"http:\/\/www.kunstgalerie-barbara.de\/blog\/wp-json\/wp\/v2\/categories?post=12216"},{"taxonomy":"post_tag","embeddable":true,"href":"http:\/\/www.kunstgalerie-barbara.de\/blog\/wp-json\/wp\/v2\/tags?post=12216"}],"curies":[{"name":"wp","href":"https:\/\/api.w.org\/{rel}","templated":true}]}}