{"id":12221,"date":"2013-02-22T07:08:16","date_gmt":"2013-02-22T06:08:16","guid":{"rendered":"http:\/\/www.kunstgalerie-barbara.de\/blog\/?p=12221"},"modified":"2013-02-22T07:08:16","modified_gmt":"2013-02-22T06:08:16","slug":"ein-anhaenglicher-rasenmaeher","status":"publish","type":"post","link":"http:\/\/www.kunstgalerie-barbara.de\/blog\/2013\/02\/ein-anhaenglicher-rasenmaeher\/","title":{"rendered":"Ein anh\u00e4nglicher Rasenm\u00e4her&#8230;"},"content":{"rendered":"<p>Eine Woche ist es etwa her, als die st\u00e4dtische M\u00fcllabfuhr Plastik und Papier- M\u00fcll entsorgte. Diesmal standen nicht nur M\u00fclltonnen\u00a0 dort, nein, es befand sich auch eingereiht zwischen gelben und blauen Beh\u00e4ltern ein Rasenm\u00e4her , in denkbar desolatem Zustand. Ob der Besitzer dieses guten St\u00fccks nur unwillig war oder ob f\u00fcr ihn Rasenm\u00e4her Plastik und Papier in die gleiche Katergorie geh\u00f6rten war nicht festzustellen.<!--more--><br \/>\nNach und nach holten unsere Nachbarn \u00fcber den Tag hinweg ihre geleerten Tonnen ab, der kranke Rasenm\u00e4her jedoch blieb dort wo er war, an unsere Efeuhecke gelehnt stehen. Niemand schien ihn zu wollen. Wir glaubten immer noch an den guten Willen oder Einsicht des Besitzers. Aber die Tage vergingen doch der Rasenm\u00e4her r\u00fchrte sich nicht vom Fleck. Langsam begann uns Groll zu erfassen, warum stand das Ding ausgerechnet vor unserer Hecke. Einen Tag sp\u00e4ter schien er Beine bekommen zu haben, denn er war, warum auch immer von der Vorderseite unseres Hauses auf die Giebelseite gewandert. Dort stand er jetzt auf dem schmalen Gehweg und hinderte Vorbeieilende am Vorw\u00e4rtskommen. Ich regte an, ihn zwischen die parkenden Autos zu stellen, was wir taten und fuhren weg. Wenn wir gedacht hatten inzwischen h\u00e4tte sich jemand des Teils erbarmt, so war dies ein Trugschlu\u00df. Als wir etwas sp\u00e4ter\u00a0 versuchten einzuparken, war uns der verdammte Rasenm\u00e4her denkbar im Weg. Also nahm ihn meine jetzt stark erboste Tochter und brachte ihn auf einen Platz, wo gemeinhin Sperrm\u00fcll der Gegend gesammelt wird und wo vor kurzem die Weihnachtsb\u00e4ume auf ihren Abtransport warteten. Auch dort schien ein lieber Zeitgenosse ihn nicht lassen zu wollen, denn gegen Abend stand er wieder bei uns im Giebel. Ich machte den Vorschlag den Desolaten in unser Auto zu laden und dort hinzubringen, wo Sperrm\u00fcll normalerweise deponiert wird, n\u00e4mlich zur M\u00fclldeponie. Nein, meinte meine Tochter inzwischen sch\u00e4umend vor Wut, warum um alles in der Welt sollten wir den Sperrm\u00fcll unserer Nachbarn entsorgen! Sprach&#8217;s, nahm das uns\u00e4gliche Ding und schleppte es dort hin, von wo es nicht wieder den Weg zu unserem Haus zur\u00fcck finden konnte. Na, schaun wir mal!<\/p>\n","protected":false},"excerpt":{"rendered":"<p>Eine Woche ist es etwa her, als die st\u00e4dtische M\u00fcllabfuhr Plastik und Papier- M\u00fcll entsorgte. Diesmal standen nicht nur M\u00fclltonnen\u00a0 dort, nein, es befand sich auch eingereiht zwischen gelben und blauen Beh\u00e4ltern ein Rasenm\u00e4her , in denkbar desolatem Zustand. Ob der Besitzer dieses guten St\u00fccks nur unwillig war oder ob f\u00fcr ihn Rasenm\u00e4her Plastik und Papier in die gleiche Katergorie geh\u00f6rten war nicht festzustellen.<\/p>\n","protected":false},"author":1,"featured_media":0,"comment_status":"open","ping_status":"open","sticky":false,"template":"","format":"standard","meta":{"footnotes":""},"categories":[19,51],"tags":[],"jetpack_featured_media_url":"","_links":{"self":[{"href":"http:\/\/www.kunstgalerie-barbara.de\/blog\/wp-json\/wp\/v2\/posts\/12221"}],"collection":[{"href":"http:\/\/www.kunstgalerie-barbara.de\/blog\/wp-json\/wp\/v2\/posts"}],"about":[{"href":"http:\/\/www.kunstgalerie-barbara.de\/blog\/wp-json\/wp\/v2\/types\/post"}],"author":[{"embeddable":true,"href":"http:\/\/www.kunstgalerie-barbara.de\/blog\/wp-json\/wp\/v2\/users\/1"}],"replies":[{"embeddable":true,"href":"http:\/\/www.kunstgalerie-barbara.de\/blog\/wp-json\/wp\/v2\/comments?post=12221"}],"version-history":[{"count":1,"href":"http:\/\/www.kunstgalerie-barbara.de\/blog\/wp-json\/wp\/v2\/posts\/12221\/revisions"}],"predecessor-version":[{"id":12226,"href":"http:\/\/www.kunstgalerie-barbara.de\/blog\/wp-json\/wp\/v2\/posts\/12221\/revisions\/12226"}],"wp:attachment":[{"href":"http:\/\/www.kunstgalerie-barbara.de\/blog\/wp-json\/wp\/v2\/media?parent=12221"}],"wp:term":[{"taxonomy":"category","embeddable":true,"href":"http:\/\/www.kunstgalerie-barbara.de\/blog\/wp-json\/wp\/v2\/categories?post=12221"},{"taxonomy":"post_tag","embeddable":true,"href":"http:\/\/www.kunstgalerie-barbara.de\/blog\/wp-json\/wp\/v2\/tags?post=12221"}],"curies":[{"name":"wp","href":"https:\/\/api.w.org\/{rel}","templated":true}]}}