{"id":12246,"date":"2013-02-28T09:11:31","date_gmt":"2013-02-28T08:11:31","guid":{"rendered":"http:\/\/www.kunstgalerie-barbara.de\/blog\/?p=12246"},"modified":"2013-02-28T09:11:31","modified_gmt":"2013-02-28T08:11:31","slug":"so-zu-geniessen-gelingt-nur-wenigen","status":"publish","type":"post","link":"http:\/\/www.kunstgalerie-barbara.de\/blog\/2013\/02\/so-zu-geniessen-gelingt-nur-wenigen\/","title":{"rendered":"So zu genie\u00dfen gelingt nur wenigen&#8230;"},"content":{"rendered":"<p><img loading=\"lazy\" decoding=\"async\" class=\"aligncenter\" src=\"http:\/\/sphotos-h.ak.fbcdn.net\/hphotos-ak-ash3\/c67.0.403.403\/p403x403\/533066_494109453982377_77209538_n.jpg\" alt=\"Foto: Macacos-japoneses (Macaca fuscata) aproveitaram nas \u00e1gua quente no Vale Jigokudani, no norte da prov\u00edncia de Nagano, no Jap\u00e3o.\" width=\"403\" height=\"403\" \/><\/p>\n","protected":false},"excerpt":{"rendered":"","protected":false},"author":1,"featured_media":0,"comment_status":"open","ping_status":"open","sticky":false,"template":"","format":"standard","meta":{"footnotes":""},"categories":[22],"tags":[],"jetpack_featured_media_url":"","_links":{"self":[{"href":"http:\/\/www.kunstgalerie-barbara.de\/blog\/wp-json\/wp\/v2\/posts\/12246"}],"collection":[{"href":"http:\/\/www.kunstgalerie-barbara.de\/blog\/wp-json\/wp\/v2\/posts"}],"about":[{"href":"http:\/\/www.kunstgalerie-barbara.de\/blog\/wp-json\/wp\/v2\/types\/post"}],"author":[{"embeddable":true,"href":"http:\/\/www.kunstgalerie-barbara.de\/blog\/wp-json\/wp\/v2\/users\/1"}],"replies":[{"embeddable":true,"href":"http:\/\/www.kunstgalerie-barbara.de\/blog\/wp-json\/wp\/v2\/comments?post=12246"}],"version-history":[{"count":1,"href":"http:\/\/www.kunstgalerie-barbara.de\/blog\/wp-json\/wp\/v2\/posts\/12246\/revisions"}],"predecessor-version":[{"id":12247,"href":"http:\/\/www.kunstgalerie-barbara.de\/blog\/wp-json\/wp\/v2\/posts\/12246\/revisions\/12247"}],"wp:attachment":[{"href":"http:\/\/www.kunstgalerie-barbara.de\/blog\/wp-json\/wp\/v2\/media?parent=12246"}],"wp:term":[{"taxonomy":"category","embeddable":true,"href":"http:\/\/www.kunstgalerie-barbara.de\/blog\/wp-json\/wp\/v2\/categories?post=12246"},{"taxonomy":"post_tag","embeddable":true,"href":"http:\/\/www.kunstgalerie-barbara.de\/blog\/wp-json\/wp\/v2\/tags?post=12246"}],"curies":[{"name":"wp","href":"https:\/\/api.w.org\/{rel}","templated":true}]}}