{"id":12272,"date":"2013-03-06T13:55:40","date_gmt":"2013-03-06T12:55:40","guid":{"rendered":"http:\/\/www.kunstgalerie-barbara.de\/blog\/?p=12272"},"modified":"2013-03-07T05:44:05","modified_gmt":"2013-03-07T04:44:05","slug":"fracking-stoppen-keine-chemie-ins-grundwasser","status":"publish","type":"post","link":"http:\/\/www.kunstgalerie-barbara.de\/blog\/2013\/03\/fracking-stoppen-keine-chemie-ins-grundwasser\/","title":{"rendered":"Fracking stoppen, keine Chemie ins Grundwasser&#8230;"},"content":{"rendered":"<p><img loading=\"lazy\" decoding=\"async\" class=\"aligncenter\" title=\"&lt;br \/&gt;&lt;br \/&gt;Laut Umweltbundesamt k\u00f6nnte Deutschland mit Fracking seinen gesamten Gasbedarf f\u00fcr etwa 13 Jahre decken. Doch das Fracking ist umstritten. Aus einer Risikostudie f\u00fcr das Land Nordrhein-Westfalen geht hervor, dass selbst neuere Fracking-Zus\u00e4tze krebserregende und erbgutver\u00e4ndernde Eigenschaften aufweisen. In Nordrhein-Westfalen und Niedersachsen haben sich bereits B\u00fcrgerinitiativen gegen Fracking gebildet&lt;br \/&gt;&lt;br \/&gt;\" src=\"http:\/\/www.welt.de\/img\/wissenschaft\/crop112749986\/2158724175-ci3x2l-w620\/title.jpg\" alt=\"&lt;br \/&gt;&lt;br \/&gt;Laut Umweltbundesamt k\u00f6nnte Deutschland mit Fracking seinen gesamten Gasbedarf f\u00fcr etwa 13 Jahre decken. Doch das Fracking ist umstritten. Aus einer Risikostudie f\u00fcr das Land Nordrhein-Westfalen geht hervor, dass selbst neuere Fracking-Zus\u00e4tze krebserregende und erbgutver\u00e4ndernde Eigenschaften aufweisen. In Nordrhein-Westfalen und Niedersachsen haben sich bereits B\u00fcrgerinitiativen gegen Fracking gebildet&lt;br \/&gt;&lt;br \/&gt;\" width=\"434\" height=\"289\" \/><\/p>\n<p>Zwar k\u00f6nnte Deutschland unabh\u00e4ngiger sein von russischen Erdgasimporten, allerdings reichen diese deutschen Erdgasvorkommen gerade mal 10-13 Jahre! Die unkontrolierbaren Risiken , die Frecking in sich birgt, unter anderem ein durch Chemikalien verseuchtes Trinkwasser, wiegen die paar Jahre Unabh\u00e4ngigkeit vom Gasimport nicht auf.<br \/>\nAlso wehrt Euch gegen diese Art der Erdgasf\u00f6rderung und unterschreibt hier:<br \/>\n<a href=\"https:\/\/www.campact.de\/fracking\/stoppen\/teilgenommen\/\">https:\/\/www.campact.de\/fracking\/stoppen\/<\/a><\/p>\n<p><a href=\"http:\/\/www.welt.de\/wissenschaft\/article112749987\/Warum-Fracking-so-extrem-umstritten-ist.html\">http:\/\/www.welt.de\/wissenschaft\/article112749987\/Warum-Fracking-so-extrem-umstritten-ist.html<\/a><\/p>\n<p>&nbsp;<\/p>\n<p>&nbsp;<\/p>\n","protected":false},"excerpt":{"rendered":"<p>Zwar k\u00f6nnte Deutschland unabh\u00e4ngiger sein von russischen Erdgasimporten, allerdings reichen diese deutschen Erdgasvorkommen gerade mal 10-13 Jahre! Die unkontrolierbaren Risiken , die Frecking in sich birgt, unter anderem ein durch Chemikalien verseuchtes Trinkwasser, wiegen die paar Jahre Unabh\u00e4ngigkeit vom Gasimport nicht auf. Also wehrt Euch gegen diese Art der Erdgasf\u00f6rderung und unterschreibt hier: https:\/\/www.campact.de\/fracking\/stoppen\/ http:\/\/www.welt.de\/wissenschaft\/article112749987\/Warum-Fracking-so-extrem-umstritten-ist.html &nbsp; &nbsp;<\/p>\n","protected":false},"author":1,"featured_media":0,"comment_status":"open","ping_status":"open","sticky":false,"template":"","format":"standard","meta":{"footnotes":""},"categories":[42,40,51],"tags":[],"jetpack_featured_media_url":"","_links":{"self":[{"href":"http:\/\/www.kunstgalerie-barbara.de\/blog\/wp-json\/wp\/v2\/posts\/12272"}],"collection":[{"href":"http:\/\/www.kunstgalerie-barbara.de\/blog\/wp-json\/wp\/v2\/posts"}],"about":[{"href":"http:\/\/www.kunstgalerie-barbara.de\/blog\/wp-json\/wp\/v2\/types\/post"}],"author":[{"embeddable":true,"href":"http:\/\/www.kunstgalerie-barbara.de\/blog\/wp-json\/wp\/v2\/users\/1"}],"replies":[{"embeddable":true,"href":"http:\/\/www.kunstgalerie-barbara.de\/blog\/wp-json\/wp\/v2\/comments?post=12272"}],"version-history":[{"count":1,"href":"http:\/\/www.kunstgalerie-barbara.de\/blog\/wp-json\/wp\/v2\/posts\/12272\/revisions"}],"predecessor-version":[{"id":12282,"href":"http:\/\/www.kunstgalerie-barbara.de\/blog\/wp-json\/wp\/v2\/posts\/12272\/revisions\/12282"}],"wp:attachment":[{"href":"http:\/\/www.kunstgalerie-barbara.de\/blog\/wp-json\/wp\/v2\/media?parent=12272"}],"wp:term":[{"taxonomy":"category","embeddable":true,"href":"http:\/\/www.kunstgalerie-barbara.de\/blog\/wp-json\/wp\/v2\/categories?post=12272"},{"taxonomy":"post_tag","embeddable":true,"href":"http:\/\/www.kunstgalerie-barbara.de\/blog\/wp-json\/wp\/v2\/tags?post=12272"}],"curies":[{"name":"wp","href":"https:\/\/api.w.org\/{rel}","templated":true}]}}