{"id":12344,"date":"2013-03-19T07:45:00","date_gmt":"2013-03-19T06:45:00","guid":{"rendered":"http:\/\/www.kunstgalerie-barbara.de\/blog\/?p=12344"},"modified":"2013-03-19T08:03:35","modified_gmt":"2013-03-19T07:03:35","slug":"verirrt","status":"publish","type":"post","link":"http:\/\/www.kunstgalerie-barbara.de\/blog\/2013\/03\/verirrt\/","title":{"rendered":"Verirrt&#8230;"},"content":{"rendered":"<p style=\"text-align: center;\"><a href=\"http:\/\/www.kunstgalerie-barbara.de\/blog\/wp-content\/uploads\/2013\/03\/P1270275-Kopie.jpg\"><img loading=\"lazy\" decoding=\"async\" class=\"aligncenter size-full wp-image-12345\" title=\"P1270275 Kopie\" src=\"http:\/\/www.kunstgalerie-barbara.de\/blog\/wp-content\/uploads\/2013\/03\/P1270275-Kopie.jpg\" alt=\"\" width=\"470\" height=\"353\" srcset=\"http:\/\/www.kunstgalerie-barbara.de\/blog\/wp-content\/uploads\/2013\/03\/P1270275-Kopie.jpg 470w, http:\/\/www.kunstgalerie-barbara.de\/blog\/wp-content\/uploads\/2013\/03\/P1270275-Kopie-300x225.jpg 300w\" sizes=\"(max-width: 470px) 100vw, 470px\" \/><\/a>&#8230;hatten sich die beiden Rehe und geisterten an einem Sonntagvormittag \u00fcber Oberneulands Stra\u00dfen. Nach l\u00e4ngerem Suchen bogen sie in den Vorgarten eines Einfamilienhauses ein. Zwar keine endg\u00fcltige L\u00f6sung, jedoch waren sie dort wenigstens sicher vor den, f\u00fcr sie sehr gef\u00e4hrlichen Autos! Vermutlich dauert der Winter doch ein wenig zu lange und das Futter geht dem Rotwild allm\u00e4hlich aus! Ohne Futternotstand k\u00e4men diese scheuen Wesen kaum auf die Idee sich am hellichtem Tage, bei ihren Erzfeinden blicken zu lassen!<\/p>\n","protected":false},"excerpt":{"rendered":"<p>&#8230;hatten sich die beiden Rehe und geisterten an einem Sonntagvormittag \u00fcber Oberneulands Stra\u00dfen. Nach l\u00e4ngerem Suchen bogen sie in den Vorgarten eines Einfamilienhauses ein. Zwar keine endg\u00fcltige L\u00f6sung, jedoch waren sie dort wenigstens sicher vor den, f\u00fcr sie sehr gef\u00e4hrlichen Autos! Vermutlich dauert der Winter doch ein wenig zu lange und das Futter geht dem Rotwild allm\u00e4hlich aus! Ohne Futternotstand k\u00e4men diese scheuen Wesen kaum auf die Idee sich am hellichtem Tage, bei ihren Erzfeinden blicken zu lassen!<\/p>\n","protected":false},"author":1,"featured_media":0,"comment_status":"open","ping_status":"open","sticky":false,"template":"","format":"standard","meta":{"footnotes":""},"categories":[22,19,51],"tags":[],"jetpack_featured_media_url":"","_links":{"self":[{"href":"http:\/\/www.kunstgalerie-barbara.de\/blog\/wp-json\/wp\/v2\/posts\/12344"}],"collection":[{"href":"http:\/\/www.kunstgalerie-barbara.de\/blog\/wp-json\/wp\/v2\/posts"}],"about":[{"href":"http:\/\/www.kunstgalerie-barbara.de\/blog\/wp-json\/wp\/v2\/types\/post"}],"author":[{"embeddable":true,"href":"http:\/\/www.kunstgalerie-barbara.de\/blog\/wp-json\/wp\/v2\/users\/1"}],"replies":[{"embeddable":true,"href":"http:\/\/www.kunstgalerie-barbara.de\/blog\/wp-json\/wp\/v2\/comments?post=12344"}],"version-history":[{"count":1,"href":"http:\/\/www.kunstgalerie-barbara.de\/blog\/wp-json\/wp\/v2\/posts\/12344\/revisions"}],"predecessor-version":[{"id":12351,"href":"http:\/\/www.kunstgalerie-barbara.de\/blog\/wp-json\/wp\/v2\/posts\/12344\/revisions\/12351"}],"wp:attachment":[{"href":"http:\/\/www.kunstgalerie-barbara.de\/blog\/wp-json\/wp\/v2\/media?parent=12344"}],"wp:term":[{"taxonomy":"category","embeddable":true,"href":"http:\/\/www.kunstgalerie-barbara.de\/blog\/wp-json\/wp\/v2\/categories?post=12344"},{"taxonomy":"post_tag","embeddable":true,"href":"http:\/\/www.kunstgalerie-barbara.de\/blog\/wp-json\/wp\/v2\/tags?post=12344"}],"curies":[{"name":"wp","href":"https:\/\/api.w.org\/{rel}","templated":true}]}}