{"id":12352,"date":"2013-03-20T09:37:05","date_gmt":"2013-03-20T08:37:05","guid":{"rendered":"http:\/\/www.kunstgalerie-barbara.de\/blog\/?p=12352"},"modified":"2014-05-17T05:59:47","modified_gmt":"2014-05-17T03:59:47","slug":"ein-dozent-auf-augenhoehe","status":"publish","type":"post","link":"http:\/\/www.kunstgalerie-barbara.de\/blog\/2013\/03\/ein-dozent-auf-augenhoehe\/","title":{"rendered":"Hakon: Ein Dozent auf Augenh\u00f6he&#8230;"},"content":{"rendered":"<p><img decoding=\"async\" alt=\"http:\/\/www.radiobremen.de\/fernsehen\/ansichten\/ansichten2262_v-panorama.jpg\" src=\"http:\/\/www.radiobremen.de\/fernsehen\/ansichten\/ansichten2262_v-panorama.jpg\" \/><\/p>\n<p>(c) Radio Bremen<\/p>\n<p>&#8230;Hans Konrad Nettmann, genannt Hakon, eine Rarit\u00e4t unter den Dozenten der Biologie. K\u00fcrzlich bekam er eine Auszeichnung, nicht von irgendwelchen Gremien, nicht offiziell von der Universit\u00e4t Bremen, nein, von Studenten der Biologie bekam er ihn und das weil er Vorlesungen und Exkursionen so locker gestaltet, da\u00df die Studierenden Spa\u00df an dem bekommen, was ihnen da vermittelt werden soll. Auch meine Tochter Maxi hatte diverse Vorlesungen bei Hakon oder ging mit ihm auf Exkursionen beispielsweise nach Holland um im Februar Wildg\u00e4nse auf friesischen Wiesen zu beobachten!<\/p>\n<p><a href=\"http:\/\/www.radiobremen.de\/fernsehen\/ansichten\/video39072-popup.html\">http:\/\/www.radiobremen.de\/fernsehen\/ansichten\/video39072-popup.html<\/a><\/p>\n","protected":false},"excerpt":{"rendered":"<p>(c) Radio Bremen &#8230;Hans Konrad Nettmann, genannt Hakon, eine Rarit\u00e4t unter den Dozenten der Biologie. K\u00fcrzlich bekam er eine Auszeichnung, nicht von irgendwelchen Gremien, nicht offiziell von der Universit\u00e4t Bremen, nein, von Studenten der Biologie bekam er ihn und das weil er Vorlesungen und Exkursionen so locker gestaltet, da\u00df die Studierenden Spa\u00df an dem bekommen, was ihnen da vermittelt werden soll. Auch meine Tochter Maxi hatte diverse Vorlesungen bei Hakon oder ging mit ihm auf Exkursionen beispielsweise nach Holland um im Februar Wildg\u00e4nse auf friesischen Wiesen zu beobachten! http:\/\/www.radiobremen.de\/fernsehen\/ansichten\/video39072-popup.html<\/p>\n","protected":false},"author":1,"featured_media":0,"comment_status":"open","ping_status":"open","sticky":false,"template":"","format":"standard","meta":{"footnotes":""},"categories":[22,42],"tags":[],"jetpack_featured_media_url":"","_links":{"self":[{"href":"http:\/\/www.kunstgalerie-barbara.de\/blog\/wp-json\/wp\/v2\/posts\/12352"}],"collection":[{"href":"http:\/\/www.kunstgalerie-barbara.de\/blog\/wp-json\/wp\/v2\/posts"}],"about":[{"href":"http:\/\/www.kunstgalerie-barbara.de\/blog\/wp-json\/wp\/v2\/types\/post"}],"author":[{"embeddable":true,"href":"http:\/\/www.kunstgalerie-barbara.de\/blog\/wp-json\/wp\/v2\/users\/1"}],"replies":[{"embeddable":true,"href":"http:\/\/www.kunstgalerie-barbara.de\/blog\/wp-json\/wp\/v2\/comments?post=12352"}],"version-history":[{"count":1,"href":"http:\/\/www.kunstgalerie-barbara.de\/blog\/wp-json\/wp\/v2\/posts\/12352\/revisions"}],"predecessor-version":[{"id":14011,"href":"http:\/\/www.kunstgalerie-barbara.de\/blog\/wp-json\/wp\/v2\/posts\/12352\/revisions\/14011"}],"wp:attachment":[{"href":"http:\/\/www.kunstgalerie-barbara.de\/blog\/wp-json\/wp\/v2\/media?parent=12352"}],"wp:term":[{"taxonomy":"category","embeddable":true,"href":"http:\/\/www.kunstgalerie-barbara.de\/blog\/wp-json\/wp\/v2\/categories?post=12352"},{"taxonomy":"post_tag","embeddable":true,"href":"http:\/\/www.kunstgalerie-barbara.de\/blog\/wp-json\/wp\/v2\/tags?post=12352"}],"curies":[{"name":"wp","href":"https:\/\/api.w.org\/{rel}","templated":true}]}}