{"id":12362,"date":"2013-03-21T06:43:05","date_gmt":"2013-03-21T05:43:05","guid":{"rendered":"http:\/\/www.kunstgalerie-barbara.de\/blog\/?p=12362"},"modified":"2013-03-21T06:43:37","modified_gmt":"2013-03-21T05:43:37","slug":"weissstoerche-auf-reisen","status":"publish","type":"post","link":"http:\/\/www.kunstgalerie-barbara.de\/blog\/2013\/03\/weissstoerche-auf-reisen\/","title":{"rendered":"Wei\u00dfst\u00f6rche auf Reisen&#8230;"},"content":{"rendered":"<p style=\"text-align: center;\"><a href=\"http:\/\/www.kunstgalerie-barbara.de\/blog\/wp-content\/uploads\/2013\/03\/P1270609.jpg\"><img loading=\"lazy\" decoding=\"async\" class=\"aligncenter size-full wp-image-12364\" title=\"P1270609\" src=\"http:\/\/www.kunstgalerie-barbara.de\/blog\/wp-content\/uploads\/2013\/03\/P1270609.jpg\" alt=\"\" width=\"414\" height=\"600\" srcset=\"http:\/\/www.kunstgalerie-barbara.de\/blog\/wp-content\/uploads\/2013\/03\/P1270609.jpg 414w, http:\/\/www.kunstgalerie-barbara.de\/blog\/wp-content\/uploads\/2013\/03\/P1270609-207x300.jpg 207w\" sizes=\"(max-width: 414px) 100vw, 414px\" \/><\/a>Angesichts unseres derzeitigen Wetters kann man sich es nicht vorstellen aber die Wei\u00dfst\u00f6rche haben l\u00e4ngst ihre lange Reise nach Norden angetreten und sind schon gut voran gekommen. Allerdings k\u00f6nnen wir in ihrem Interesse nur w\u00fcnschen, da\u00df sie hier im frostigen Norden noch nicht so bald eintreffen werden!<\/p>\n<p style=\"text-align: center;\">Beim Nabu kann wer will den Weg der St\u00f6rche nachverfolgen:<br \/>\nhttp:\/\/www.nabu.de\/aktionenundprojekte\/weissstorchbesenderung\/reisetagebuecher\/index.html<\/p>\n","protected":false},"excerpt":{"rendered":"<p>Angesichts unseres derzeitigen Wetters kann man sich es nicht vorstellen aber die Wei\u00dfst\u00f6rche haben l\u00e4ngst ihre lange Reise nach Norden angetreten und sind schon gut voran gekommen. Allerdings k\u00f6nnen wir in ihrem Interesse nur w\u00fcnschen, da\u00df sie hier im frostigen Norden noch nicht so bald eintreffen werden! Beim Nabu kann wer will den Weg der St\u00f6rche nachverfolgen: http:\/\/www.nabu.de\/aktionenundprojekte\/weissstorchbesenderung\/reisetagebuecher\/index.html<\/p>\n","protected":false},"author":1,"featured_media":0,"comment_status":"open","ping_status":"open","sticky":false,"template":"","format":"standard","meta":{"footnotes":""},"categories":[22,19],"tags":[],"jetpack_featured_media_url":"","_links":{"self":[{"href":"http:\/\/www.kunstgalerie-barbara.de\/blog\/wp-json\/wp\/v2\/posts\/12362"}],"collection":[{"href":"http:\/\/www.kunstgalerie-barbara.de\/blog\/wp-json\/wp\/v2\/posts"}],"about":[{"href":"http:\/\/www.kunstgalerie-barbara.de\/blog\/wp-json\/wp\/v2\/types\/post"}],"author":[{"embeddable":true,"href":"http:\/\/www.kunstgalerie-barbara.de\/blog\/wp-json\/wp\/v2\/users\/1"}],"replies":[{"embeddable":true,"href":"http:\/\/www.kunstgalerie-barbara.de\/blog\/wp-json\/wp\/v2\/comments?post=12362"}],"version-history":[{"count":1,"href":"http:\/\/www.kunstgalerie-barbara.de\/blog\/wp-json\/wp\/v2\/posts\/12362\/revisions"}],"predecessor-version":[{"id":12366,"href":"http:\/\/www.kunstgalerie-barbara.de\/blog\/wp-json\/wp\/v2\/posts\/12362\/revisions\/12366"}],"wp:attachment":[{"href":"http:\/\/www.kunstgalerie-barbara.de\/blog\/wp-json\/wp\/v2\/media?parent=12362"}],"wp:term":[{"taxonomy":"category","embeddable":true,"href":"http:\/\/www.kunstgalerie-barbara.de\/blog\/wp-json\/wp\/v2\/categories?post=12362"},{"taxonomy":"post_tag","embeddable":true,"href":"http:\/\/www.kunstgalerie-barbara.de\/blog\/wp-json\/wp\/v2\/tags?post=12362"}],"curies":[{"name":"wp","href":"https:\/\/api.w.org\/{rel}","templated":true}]}}