{"id":12367,"date":"2013-03-21T08:04:10","date_gmt":"2013-03-21T07:04:10","guid":{"rendered":"http:\/\/www.kunstgalerie-barbara.de\/blog\/?p=12367"},"modified":"2013-03-21T08:04:31","modified_gmt":"2013-03-21T07:04:31","slug":"eine-buche-kann-pro-jahr-1tonne-co-2-absorbieren","status":"publish","type":"post","link":"http:\/\/www.kunstgalerie-barbara.de\/blog\/2013\/03\/eine-buche-kann-pro-jahr-1tonne-co-2-absorbieren\/","title":{"rendered":"Eine Buche kann pro Jahr 1Tonne CO 2 absorbieren&#8230;"},"content":{"rendered":"<p><img decoding=\"async\" src=\"http:\/\/blog.greenpeace.de\/wp-content\/themes\/greenpeace_de\/_img\/header_im_wald.jpg\" alt=\"http:\/\/blog.greenpeace.de\/wp-content\/themes\/greenpeace_de\/_img\/header_im_wald.jpg\" \/><\/p>\n<p><img loading=\"lazy\" decoding=\"async\" src=\"http:\/\/sphotos-d.ak.fbcdn.net\/hphotos-ak-snc7\/c0.0.401.401\/p403x403\/297301_10151472240787488_146119615_n.jpg\" alt=\"Foto: Holzexport - ist das nachhaltig? &lt;\/p&gt;&lt;br \/&gt;&lt;br \/&gt;&lt;br \/&gt;&lt;br \/&gt;\n&lt;p&gt;Nein, denn wir tragen mit dem Export von Rohholz dazu bei, dass andere Nationen ihren Holzhunger g\u00fcnstig stillen k\u00f6nnen, auch wenn es auf Kosten der regionalen Wertsch\u00f6pfung und unserer alten Buchenw\u00e4lder geht. &lt;\/p&gt;&lt;br \/&gt;&lt;br \/&gt;&lt;br \/&gt;&lt;br \/&gt;\n&lt;p&gt;Lest mehr im Blog: www.bit.ly\/13XEyj6\" width=\"403\" height=\"286\" \/><br \/>\n(c) greenpeace<\/p>\n<p style=\"text-align: center;\">&#8230;nicht nur, da\u00df sie wundersch\u00f6n aussehen unsere Buchen, nein, ihre N\u00fctzlichkeit ist dar\u00fcber hinaus un\u00fcbertroffen. Also sollten sie alt werden d\u00fcrfen, um so n\u00fctzlicher werden sie uns sein!<\/p>\n<p style=\"text-align: center;\"><a href=\"http:\/\/blog.greenpeace.de\/blog\/2013\/03\/14\/die-erfindung-der-nachhaltigkeit-teil-5\/\">http:\/\/blog.greenpeace.de\/blog\/2013\/03\/14\/die-erfindung-der-nachhaltigkeit-teil-5\/<\/a><\/p>\n","protected":false},"excerpt":{"rendered":"<p>(c) greenpeace &#8230;nicht nur, da\u00df sie wundersch\u00f6n aussehen unsere Buchen, nein, ihre N\u00fctzlichkeit ist dar\u00fcber hinaus un\u00fcbertroffen. Also sollten sie alt werden d\u00fcrfen, um so n\u00fctzlicher werden sie uns sein! http:\/\/blog.greenpeace.de\/blog\/2013\/03\/14\/die-erfindung-der-nachhaltigkeit-teil-5\/<\/p>\n","protected":false},"author":1,"featured_media":0,"comment_status":"open","ping_status":"open","sticky":false,"template":"","format":"standard","meta":{"footnotes":""},"categories":[22,42,40,51],"tags":[],"jetpack_featured_media_url":"","_links":{"self":[{"href":"http:\/\/www.kunstgalerie-barbara.de\/blog\/wp-json\/wp\/v2\/posts\/12367"}],"collection":[{"href":"http:\/\/www.kunstgalerie-barbara.de\/blog\/wp-json\/wp\/v2\/posts"}],"about":[{"href":"http:\/\/www.kunstgalerie-barbara.de\/blog\/wp-json\/wp\/v2\/types\/post"}],"author":[{"embeddable":true,"href":"http:\/\/www.kunstgalerie-barbara.de\/blog\/wp-json\/wp\/v2\/users\/1"}],"replies":[{"embeddable":true,"href":"http:\/\/www.kunstgalerie-barbara.de\/blog\/wp-json\/wp\/v2\/comments?post=12367"}],"version-history":[{"count":1,"href":"http:\/\/www.kunstgalerie-barbara.de\/blog\/wp-json\/wp\/v2\/posts\/12367\/revisions"}],"predecessor-version":[{"id":12374,"href":"http:\/\/www.kunstgalerie-barbara.de\/blog\/wp-json\/wp\/v2\/posts\/12367\/revisions\/12374"}],"wp:attachment":[{"href":"http:\/\/www.kunstgalerie-barbara.de\/blog\/wp-json\/wp\/v2\/media?parent=12367"}],"wp:term":[{"taxonomy":"category","embeddable":true,"href":"http:\/\/www.kunstgalerie-barbara.de\/blog\/wp-json\/wp\/v2\/categories?post=12367"},{"taxonomy":"post_tag","embeddable":true,"href":"http:\/\/www.kunstgalerie-barbara.de\/blog\/wp-json\/wp\/v2\/tags?post=12367"}],"curies":[{"name":"wp","href":"https:\/\/api.w.org\/{rel}","templated":true}]}}