{"id":12395,"date":"2013-03-24T10:08:06","date_gmt":"2013-03-24T09:08:06","guid":{"rendered":"http:\/\/www.kunstgalerie-barbara.de\/blog\/?p=12395"},"modified":"2013-03-24T10:08:06","modified_gmt":"2013-03-24T09:08:06","slug":"die-osterhasenarmada-hoppelt-schon-geraume-zeit","status":"publish","type":"post","link":"http:\/\/www.kunstgalerie-barbara.de\/blog\/2013\/03\/die-osterhasenarmada-hoppelt-schon-geraume-zeit\/","title":{"rendered":"Die Osterhasenarmada hoppelt schon geraume Zeit&#8230;"},"content":{"rendered":"<p style=\"text-align: center;\"><a href=\"http:\/\/www.kunstgalerie-barbara.de\/blog\/wp-content\/uploads\/2013\/03\/P1260697-Kopie.jpg\"><img loading=\"lazy\" decoding=\"async\" class=\"aligncenter size-full wp-image-12397\" title=\"P1260697 Kopie\" src=\"http:\/\/www.kunstgalerie-barbara.de\/blog\/wp-content\/uploads\/2013\/03\/P1260697-Kopie.jpg\" alt=\"\" width=\"450\" height=\"600\" srcset=\"http:\/\/www.kunstgalerie-barbara.de\/blog\/wp-content\/uploads\/2013\/03\/P1260697-Kopie.jpg 450w, http:\/\/www.kunstgalerie-barbara.de\/blog\/wp-content\/uploads\/2013\/03\/P1260697-Kopie-225x300.jpg 225w\" sizes=\"(max-width: 450px) 100vw, 450px\" \/><\/a>&#8230;um genau zu sein, seit kurz nach Weihnachten! Etwas fr\u00fch f\u00fcr meinen Geschmack und desillusionierend f\u00fcr Kinder. Drei lange Monate, werden die Armen mit den Objekten ihrer W\u00fcnsche\u00a0 an allen Ecken und Enden konfrontiert,\u00a0 ohne da\u00df die W\u00fcnsche in Erf\u00fcllung gehen. Oder gehen sie doch? Denn noch \u00e4rmer sind die Eltern dran, die die Quengelei ihrer Spr\u00f6\u00dflinge aushalten m\u00fcssen. Es ist leider im Kalk\u00fcl des Einzelhandels, da\u00df die Kids\u00a0 Druck aus\u00fcben und ihre Eltern dazu bringen die ausgelegten Osters\u00fc\u00dfigkeiten schon weit vor der Zeit zu kaufen um die hungrigen M\u00e4uler ihrer Kinder zu stopfen.<\/p>\n","protected":false},"excerpt":{"rendered":"<p>&#8230;um genau zu sein, seit kurz nach Weihnachten! Etwas fr\u00fch f\u00fcr meinen Geschmack und desillusionierend f\u00fcr Kinder. Drei lange Monate, werden die Armen mit den Objekten ihrer W\u00fcnsche\u00a0 an allen Ecken und Enden konfrontiert,\u00a0 ohne da\u00df die W\u00fcnsche in Erf\u00fcllung gehen. Oder gehen sie doch? Denn noch \u00e4rmer sind die Eltern dran, die die Quengelei ihrer Spr\u00f6\u00dflinge aushalten m\u00fcssen. Es ist leider im Kalk\u00fcl des Einzelhandels, da\u00df die Kids\u00a0 Druck aus\u00fcben und ihre Eltern dazu bringen die ausgelegten Osters\u00fc\u00dfigkeiten schon weit vor der Zeit zu kaufen um die hungrigen M\u00e4uler ihrer Kinder zu stopfen.<\/p>\n","protected":false},"author":1,"featured_media":0,"comment_status":"open","ping_status":"open","sticky":false,"template":"","format":"standard","meta":{"footnotes":""},"categories":[3,42,19,51],"tags":[],"jetpack_featured_media_url":"","_links":{"self":[{"href":"http:\/\/www.kunstgalerie-barbara.de\/blog\/wp-json\/wp\/v2\/posts\/12395"}],"collection":[{"href":"http:\/\/www.kunstgalerie-barbara.de\/blog\/wp-json\/wp\/v2\/posts"}],"about":[{"href":"http:\/\/www.kunstgalerie-barbara.de\/blog\/wp-json\/wp\/v2\/types\/post"}],"author":[{"embeddable":true,"href":"http:\/\/www.kunstgalerie-barbara.de\/blog\/wp-json\/wp\/v2\/users\/1"}],"replies":[{"embeddable":true,"href":"http:\/\/www.kunstgalerie-barbara.de\/blog\/wp-json\/wp\/v2\/comments?post=12395"}],"version-history":[{"count":1,"href":"http:\/\/www.kunstgalerie-barbara.de\/blog\/wp-json\/wp\/v2\/posts\/12395\/revisions"}],"predecessor-version":[{"id":12399,"href":"http:\/\/www.kunstgalerie-barbara.de\/blog\/wp-json\/wp\/v2\/posts\/12395\/revisions\/12399"}],"wp:attachment":[{"href":"http:\/\/www.kunstgalerie-barbara.de\/blog\/wp-json\/wp\/v2\/media?parent=12395"}],"wp:term":[{"taxonomy":"category","embeddable":true,"href":"http:\/\/www.kunstgalerie-barbara.de\/blog\/wp-json\/wp\/v2\/categories?post=12395"},{"taxonomy":"post_tag","embeddable":true,"href":"http:\/\/www.kunstgalerie-barbara.de\/blog\/wp-json\/wp\/v2\/tags?post=12395"}],"curies":[{"name":"wp","href":"https:\/\/api.w.org\/{rel}","templated":true}]}}