{"id":12768,"date":"2013-05-27T11:03:22","date_gmt":"2013-05-27T10:03:22","guid":{"rendered":"http:\/\/www.kunstgalerie-barbara.de\/blog\/?p=12768"},"modified":"2013-05-27T11:59:09","modified_gmt":"2013-05-27T10:59:09","slug":"luchse-gibt-es-laengst-noch-nicht-genug-in-unseren-waeldern","status":"publish","type":"post","link":"http:\/\/www.kunstgalerie-barbara.de\/blog\/2013\/05\/luchse-gibt-es-laengst-noch-nicht-genug-in-unseren-waeldern\/","title":{"rendered":"Luchse gibt es l\u00e4ngst noch nicht wieder genug in unseren W\u00e4ldern&#8230;"},"content":{"rendered":"<p><img loading=\"lazy\" decoding=\"async\" class=\"aligncenter\" title=\"Luchsmutter mit Jungem. \u00a9 Staffan Widstrand \/ WWF\" src=\"http:\/\/www.wwf.de\/fileadmin\/user_upload\/Bilder\/350-HI_235193-Luchse-_c_-Staffan-Widstrand-WWF.jpg\" alt=\"Luchsmutter mit Jungem. \u00a9 Staffan Widstrand \/ WWF\" longdesc=\"Luchsmutter mit Jungem. \u00a9 Staffan Widstrand \/ WWF\" width=\"350\" height=\"350\" border=\"0\" \/><\/p>\n<p>&nbsp;<\/p>\n<p style=\"text-align: center;\">&#8230; und trotzdem werden diese wundersch\u00f6nen Gro\u00dfkatzen gewildert, wie erst k\u00fcrzlich aus einem bayrischen Nationalpark bekannt wurde! Dies kann gar nicht hoch genug bestraft werden!<\/p>\n","protected":false},"excerpt":{"rendered":"<p>&nbsp; &#8230; und trotzdem werden diese wundersch\u00f6nen Gro\u00dfkatzen gewildert, wie erst k\u00fcrzlich aus einem bayrischen Nationalpark bekannt wurde! Dies kann gar nicht hoch genug bestraft werden!<\/p>\n","protected":false},"author":1,"featured_media":0,"comment_status":"open","ping_status":"open","sticky":false,"template":"","format":"standard","meta":{"footnotes":""},"categories":[3],"tags":[],"jetpack_featured_media_url":"","_links":{"self":[{"href":"http:\/\/www.kunstgalerie-barbara.de\/blog\/wp-json\/wp\/v2\/posts\/12768"}],"collection":[{"href":"http:\/\/www.kunstgalerie-barbara.de\/blog\/wp-json\/wp\/v2\/posts"}],"about":[{"href":"http:\/\/www.kunstgalerie-barbara.de\/blog\/wp-json\/wp\/v2\/types\/post"}],"author":[{"embeddable":true,"href":"http:\/\/www.kunstgalerie-barbara.de\/blog\/wp-json\/wp\/v2\/users\/1"}],"replies":[{"embeddable":true,"href":"http:\/\/www.kunstgalerie-barbara.de\/blog\/wp-json\/wp\/v2\/comments?post=12768"}],"version-history":[{"count":1,"href":"http:\/\/www.kunstgalerie-barbara.de\/blog\/wp-json\/wp\/v2\/posts\/12768\/revisions"}],"predecessor-version":[{"id":12776,"href":"http:\/\/www.kunstgalerie-barbara.de\/blog\/wp-json\/wp\/v2\/posts\/12768\/revisions\/12776"}],"wp:attachment":[{"href":"http:\/\/www.kunstgalerie-barbara.de\/blog\/wp-json\/wp\/v2\/media?parent=12768"}],"wp:term":[{"taxonomy":"category","embeddable":true,"href":"http:\/\/www.kunstgalerie-barbara.de\/blog\/wp-json\/wp\/v2\/categories?post=12768"},{"taxonomy":"post_tag","embeddable":true,"href":"http:\/\/www.kunstgalerie-barbara.de\/blog\/wp-json\/wp\/v2\/tags?post=12768"}],"curies":[{"name":"wp","href":"https:\/\/api.w.org\/{rel}","templated":true}]}}