{"id":12809,"date":"2013-06-03T16:48:21","date_gmt":"2013-06-03T15:48:21","guid":{"rendered":"http:\/\/www.kunstgalerie-barbara.de\/blog\/?p=12809"},"modified":"2013-06-04T16:46:44","modified_gmt":"2013-06-04T15:46:44","slug":"es-zeugt-von-unglaublicher-politischer-fehleinschaetzung-zu-glauben-man-koenne-petitionen-ignorieren-2","status":"publish","type":"post","link":"http:\/\/www.kunstgalerie-barbara.de\/blog\/2013\/06\/es-zeugt-von-unglaublicher-politischer-fehleinschaetzung-zu-glauben-man-koenne-petitionen-ignorieren-2\/","title":{"rendered":"Es zeugt von unglaublicher politischer Fehleinsch\u00e4tzung zu glauben, man k\u00f6nne Petitionen ignorieren"},"content":{"rendered":"<h1 id=\"post-12801\"><em>&#8230;es wird sich gerade f\u00fcr die FDP r\u00e4chen! <\/em><\/h1>\n<h2><em>So bl\u00f6d oder verge\u00dflich sind die, die unsere vermeintlichen Volksvertreter w\u00e4hlen nicht! Im \u00fcbrigen wird es Zeit, da\u00df f\u00fcr alle so wichtige Dinge, wie die Privatisierung der Wasserwirtschaft, direkt von der\u00a0 Bev\u00f6lkerung innerhalb Volksentscheidunge<\/em>n <em>entschieden wird!<\/em> Dann k\u00f6nnten wir uns auch Petitionen ersparen!<\/h2>\n<p><span class=\"userContent\">PHILIPP R\u00d6SLER DAMPF MACHEN! Schreibt ihn doch direkt an:<br \/>\n<a href=\"https:\/\/www.facebook.com\/philipproesler?fref=ts  https:\/\/twitter.com\/philipproesler+  https:\/\/plus.google.com\/b\/113290161735839836950\/114586584655117246126\/posts \">https:\/\/www.facebook.com\/philipproesler?fref=ts<\/a><\/span><\/p>\n<p><a href=\"https:\/\/www.facebook.com\/philipproesler?fref=ts  https:\/\/twitter.com\/philipproesler+  https:\/\/plus.google.com\/b\/113290161735839836950\/114586584655117246126\/posts \">https:\/\/twitter.com\/philipproesler+<\/a><\/p>\n<p><a href=\"https:\/\/www.facebook.com\/philipproesler?fref=ts  https:\/\/twitter.com\/philipproesler+  https:\/\/plus.google.com\/b\/113290161735839836950\/114586584655117246126\/posts \">https:\/\/plus.google.com\/b\/113290161735839836950\/114586584655117246126\/posts\u00a0<\/a><\/p>\n<div style=\"overflow: hidden; color: #000000; background-color: #ffffff; text-align: left; text-decoration: none;\"><\/div>\n","protected":false},"excerpt":{"rendered":"<p>&#8230;es wird sich gerade f\u00fcr die FDP r\u00e4chen! So bl\u00f6d oder verge\u00dflich sind die, die unsere vermeintlichen Volksvertreter w\u00e4hlen nicht! Im \u00fcbrigen wird es Zeit, da\u00df f\u00fcr alle so wichtige Dinge, wie die Privatisierung der Wasserwirtschaft, direkt von der\u00a0 Bev\u00f6lkerung innerhalb Volksentscheidungen entschieden wird! Dann k\u00f6nnten wir uns auch Petitionen ersparen! PHILIPP R\u00d6SLER DAMPF MACHEN! Schreibt ihn doch direkt an: https:\/\/www.facebook.com\/philipproesler?fref=ts https:\/\/twitter.com\/philipproesler+ https:\/\/plus.google.com\/b\/113290161735839836950\/114586584655117246126\/posts\u00a0<\/p>\n","protected":false},"author":1,"featured_media":0,"comment_status":"open","ping_status":"open","sticky":false,"template":"","format":"standard","meta":{"footnotes":""},"categories":[42,40,51],"tags":[],"jetpack_featured_media_url":"","_links":{"self":[{"href":"http:\/\/www.kunstgalerie-barbara.de\/blog\/wp-json\/wp\/v2\/posts\/12809"}],"collection":[{"href":"http:\/\/www.kunstgalerie-barbara.de\/blog\/wp-json\/wp\/v2\/posts"}],"about":[{"href":"http:\/\/www.kunstgalerie-barbara.de\/blog\/wp-json\/wp\/v2\/types\/post"}],"author":[{"embeddable":true,"href":"http:\/\/www.kunstgalerie-barbara.de\/blog\/wp-json\/wp\/v2\/users\/1"}],"replies":[{"embeddable":true,"href":"http:\/\/www.kunstgalerie-barbara.de\/blog\/wp-json\/wp\/v2\/comments?post=12809"}],"version-history":[{"count":1,"href":"http:\/\/www.kunstgalerie-barbara.de\/blog\/wp-json\/wp\/v2\/posts\/12809\/revisions"}],"predecessor-version":[{"id":12812,"href":"http:\/\/www.kunstgalerie-barbara.de\/blog\/wp-json\/wp\/v2\/posts\/12809\/revisions\/12812"}],"wp:attachment":[{"href":"http:\/\/www.kunstgalerie-barbara.de\/blog\/wp-json\/wp\/v2\/media?parent=12809"}],"wp:term":[{"taxonomy":"category","embeddable":true,"href":"http:\/\/www.kunstgalerie-barbara.de\/blog\/wp-json\/wp\/v2\/categories?post=12809"},{"taxonomy":"post_tag","embeddable":true,"href":"http:\/\/www.kunstgalerie-barbara.de\/blog\/wp-json\/wp\/v2\/tags?post=12809"}],"curies":[{"name":"wp","href":"https:\/\/api.w.org\/{rel}","templated":true}]}}