{"id":12868,"date":"2013-06-16T08:53:29","date_gmt":"2013-06-16T07:53:29","guid":{"rendered":"http:\/\/www.kunstgalerie-barbara.de\/blog\/?p=12868"},"modified":"2013-06-16T08:57:53","modified_gmt":"2013-06-16T07:57:53","slug":"die-naechste-woche-wird-ne-eiszeit","status":"publish","type":"post","link":"http:\/\/www.kunstgalerie-barbara.de\/blog\/2013\/06\/die-naechste-woche-wird-ne-eiszeit\/","title":{"rendered":"Die n\u00e4chste Woche wird ne &#8220;Eiszeit&#8221;&#8230;"},"content":{"rendered":"<p style=\"text-align: center;\"><a href=\"http:\/\/www.kunstgalerie-barbara.de\/blog\/wp-content\/uploads\/2013\/06\/P1310655-Kopie.jpg\"><img loading=\"lazy\" decoding=\"async\" class=\"aligncenter size-full wp-image-12869\" title=\"P1310655 Kopie\" src=\"http:\/\/www.kunstgalerie-barbara.de\/blog\/wp-content\/uploads\/2013\/06\/P1310655-Kopie.jpg\" alt=\"\" width=\"475\" height=\"356\" srcset=\"http:\/\/www.kunstgalerie-barbara.de\/blog\/wp-content\/uploads\/2013\/06\/P1310655-Kopie.jpg 475w, http:\/\/www.kunstgalerie-barbara.de\/blog\/wp-content\/uploads\/2013\/06\/P1310655-Kopie-300x224.jpg 300w\" sizes=\"(max-width: 475px) 100vw, 475px\" \/><\/a>&#8230;bei angek\u00fcndigten Temperaturen \u00fcber 30\u00b0 !!!!!!!!<br \/>\nAuf den Fotos oben wird eine M\u00f6glichkeit gezeigt,\u00a0 selbst Eis herzustellen, wer&#8217;s einfacher mag hier ein Rezept das man vielf\u00e4lltig variieren kann!<!--more--><\/p>\n<h1 id=\"post-8615\"><a title=\"Permanent Link: Joghurteis selbstgemacht mit Sommerfr\u00fcchten\" href=\"http:\/\/www.kunstgalerie-barbara.de\/blog\/2011\/08\/joghurteis-selbstgemacht-mit-sommerfruchten\/\" rel=\"bookmark\">Joghurteis selbstgemacht mit Sommerfr\u00fcchten<\/a><\/h1>\n<p>&nbsp;<\/p>\n<p style=\"text-align: center;\"><a href=\"http:\/\/www.kunstgalerie-barbara.de\/blog\/wp-content\/uploads\/2011\/08\/P1010099.jpg\"><img loading=\"lazy\" decoding=\"async\" class=\"aligncenter size-full wp-image-8617\" title=\"P1010099\" src=\"http:\/\/www.kunstgalerie-barbara.de\/blog\/wp-content\/uploads\/2011\/08\/P1010099.jpg\" alt=\"\" width=\"443\" height=\"332\" \/><\/a>ist die einfachste Sache der Welt<br \/>\ngeht so:<\/p>\n<p>Vanille-Joghurd mit\u00a0 Waldbeeren- Joghurd mischen. Beides in eine laufende Eismaschine geben. Zwei E\u00dfl\u00f6ffel fl\u00fcssigen Honig dazu. Inzwischen Dessertschalen mit Obst der Saison f\u00fcllen. Das fertige Eis auf dem Obst portionieren. Wer will kann das Ganze noch mit Schlagsahne kr\u00f6nen. Mu\u00df aber nicht unbedingt sein, schmeckt auch so!<\/p>\n<p><a href=\"http:\/\/www.kunstgalerie-barbara.de\/blog\/wp-content\/uploads\/2011\/08\/P1010095.jpg\"><img loading=\"lazy\" decoding=\"async\" class=\"aligncenter size-full wp-image-8619\" title=\"P1010095\" src=\"http:\/\/www.kunstgalerie-barbara.de\/blog\/wp-content\/uploads\/2011\/08\/P1010095.jpg\" alt=\"\" width=\"420\" height=\"560\" \/><\/a><\/p>\n<p>&nbsp;<\/p>\n<p>&nbsp;<\/p>\n","protected":false},"excerpt":{"rendered":"<p>&#8230;bei angek\u00fcndigten Temperaturen \u00fcber 30\u00b0 !!!!!!!! Auf den Fotos oben wird eine M\u00f6glichkeit gezeigt,\u00a0 selbst Eis herzustellen, wer&#8217;s einfacher mag hier ein Rezept das man vielf\u00e4lltig variieren kann!<\/p>\n","protected":false},"author":1,"featured_media":0,"comment_status":"open","ping_status":"open","sticky":false,"template":"","format":"standard","meta":{"footnotes":""},"categories":[27,51],"tags":[],"jetpack_featured_media_url":"","_links":{"self":[{"href":"http:\/\/www.kunstgalerie-barbara.de\/blog\/wp-json\/wp\/v2\/posts\/12868"}],"collection":[{"href":"http:\/\/www.kunstgalerie-barbara.de\/blog\/wp-json\/wp\/v2\/posts"}],"about":[{"href":"http:\/\/www.kunstgalerie-barbara.de\/blog\/wp-json\/wp\/v2\/types\/post"}],"author":[{"embeddable":true,"href":"http:\/\/www.kunstgalerie-barbara.de\/blog\/wp-json\/wp\/v2\/users\/1"}],"replies":[{"embeddable":true,"href":"http:\/\/www.kunstgalerie-barbara.de\/blog\/wp-json\/wp\/v2\/comments?post=12868"}],"version-history":[{"count":1,"href":"http:\/\/www.kunstgalerie-barbara.de\/blog\/wp-json\/wp\/v2\/posts\/12868\/revisions"}],"predecessor-version":[{"id":12877,"href":"http:\/\/www.kunstgalerie-barbara.de\/blog\/wp-json\/wp\/v2\/posts\/12868\/revisions\/12877"}],"wp:attachment":[{"href":"http:\/\/www.kunstgalerie-barbara.de\/blog\/wp-json\/wp\/v2\/media?parent=12868"}],"wp:term":[{"taxonomy":"category","embeddable":true,"href":"http:\/\/www.kunstgalerie-barbara.de\/blog\/wp-json\/wp\/v2\/categories?post=12868"},{"taxonomy":"post_tag","embeddable":true,"href":"http:\/\/www.kunstgalerie-barbara.de\/blog\/wp-json\/wp\/v2\/tags?post=12868"}],"curies":[{"name":"wp","href":"https:\/\/api.w.org\/{rel}","templated":true}]}}