{"id":12904,"date":"2013-06-22T07:47:21","date_gmt":"2013-06-22T06:47:21","guid":{"rendered":"http:\/\/www.kunstgalerie-barbara.de\/blog\/?p=12904"},"modified":"2013-06-22T07:48:25","modified_gmt":"2013-06-22T06:48:25","slug":"es-gibt-sie-noch-die-ruderalflaechen-in-der-bremer-ueberseestadt","status":"publish","type":"post","link":"http:\/\/www.kunstgalerie-barbara.de\/blog\/2013\/06\/es-gibt-sie-noch-die-ruderalflaechen-in-der-bremer-ueberseestadt\/","title":{"rendered":"Es gibt sie noch, die Ruderalfl\u00e4chen in der Bremer \u00dcberseestadt&#8230;"},"content":{"rendered":"<p style=\"text-align: center;\"><a href=\"http:\/\/www.kunstgalerie-barbara.de\/blog\/wp-content\/uploads\/2013\/06\/page7.jpg\"><img loading=\"lazy\" decoding=\"async\" class=\"aligncenter size-full wp-image-12905\" title=\"page\" src=\"http:\/\/www.kunstgalerie-barbara.de\/blog\/wp-content\/uploads\/2013\/06\/page7.jpg\" alt=\"\" width=\"404\" height=\"404\" srcset=\"http:\/\/www.kunstgalerie-barbara.de\/blog\/wp-content\/uploads\/2013\/06\/page7.jpg 404w, http:\/\/www.kunstgalerie-barbara.de\/blog\/wp-content\/uploads\/2013\/06\/page7-150x150.jpg 150w, http:\/\/www.kunstgalerie-barbara.de\/blog\/wp-content\/uploads\/2013\/06\/page7-300x300.jpg 300w\" sizes=\"(max-width: 404px) 100vw, 404px\" \/><\/a>&#8230;die noch unbebauten Fl\u00e4chen also, auf denen sich Wild und Kulturpflanzen\u00a0\u00a0 bis jetzt noch ungehindert ausbreiten k\u00f6nnen und Bodenbr\u00fcter wie M\u00f6ven ihren Nachwuchs gro\u00dfziehen k\u00f6nnen. Allerdings nicht mehr lange, denn immer mehr Baustellen schie\u00dfen aus dem Boden und nehmen Pfanzen und Tieren den Platz!<\/p>\n","protected":false},"excerpt":{"rendered":"<p>&#8230;die noch unbebauten Fl\u00e4chen also, auf denen sich Wild und Kulturpflanzen\u00a0\u00a0 bis jetzt noch ungehindert ausbreiten k\u00f6nnen und Bodenbr\u00fcter wie M\u00f6ven ihren Nachwuchs gro\u00dfziehen k\u00f6nnen. Allerdings nicht mehr lange, denn immer mehr Baustellen schie\u00dfen aus dem Boden und nehmen Pfanzen und Tieren den Platz!<\/p>\n","protected":false},"author":1,"featured_media":0,"comment_status":"open","ping_status":"open","sticky":false,"template":"","format":"standard","meta":{"footnotes":""},"categories":[19,51,64],"tags":[],"jetpack_featured_media_url":"","_links":{"self":[{"href":"http:\/\/www.kunstgalerie-barbara.de\/blog\/wp-json\/wp\/v2\/posts\/12904"}],"collection":[{"href":"http:\/\/www.kunstgalerie-barbara.de\/blog\/wp-json\/wp\/v2\/posts"}],"about":[{"href":"http:\/\/www.kunstgalerie-barbara.de\/blog\/wp-json\/wp\/v2\/types\/post"}],"author":[{"embeddable":true,"href":"http:\/\/www.kunstgalerie-barbara.de\/blog\/wp-json\/wp\/v2\/users\/1"}],"replies":[{"embeddable":true,"href":"http:\/\/www.kunstgalerie-barbara.de\/blog\/wp-json\/wp\/v2\/comments?post=12904"}],"version-history":[{"count":1,"href":"http:\/\/www.kunstgalerie-barbara.de\/blog\/wp-json\/wp\/v2\/posts\/12904\/revisions"}],"predecessor-version":[{"id":12907,"href":"http:\/\/www.kunstgalerie-barbara.de\/blog\/wp-json\/wp\/v2\/posts\/12904\/revisions\/12907"}],"wp:attachment":[{"href":"http:\/\/www.kunstgalerie-barbara.de\/blog\/wp-json\/wp\/v2\/media?parent=12904"}],"wp:term":[{"taxonomy":"category","embeddable":true,"href":"http:\/\/www.kunstgalerie-barbara.de\/blog\/wp-json\/wp\/v2\/categories?post=12904"},{"taxonomy":"post_tag","embeddable":true,"href":"http:\/\/www.kunstgalerie-barbara.de\/blog\/wp-json\/wp\/v2\/tags?post=12904"}],"curies":[{"name":"wp","href":"https:\/\/api.w.org\/{rel}","templated":true}]}}