{"id":12966,"date":"2013-07-13T07:38:59","date_gmt":"2013-07-13T06:38:59","guid":{"rendered":"http:\/\/www.kunstgalerie-barbara.de\/blog\/?p=12966"},"modified":"2013-07-13T07:38:59","modified_gmt":"2013-07-13T06:38:59","slug":"hummeln-und-bienen-gehoeren-zu-den-wichtigsten-bestaeubern","status":"publish","type":"post","link":"http:\/\/www.kunstgalerie-barbara.de\/blog\/2013\/07\/hummeln-und-bienen-gehoeren-zu-den-wichtigsten-bestaeubern\/","title":{"rendered":"Hummeln und Bienen geh\u00f6ren zu den wichtigsten Best\u00e4ubern&#8230;"},"content":{"rendered":"<p style=\"text-align: center;\"><a href=\"http:\/\/www.kunstgalerie-barbara.de\/blog\/wp-content\/uploads\/2013\/07\/P1340179-Kopie.jpg\"><img loading=\"lazy\" decoding=\"async\" class=\"aligncenter size-full wp-image-12967\" title=\"P1340179 Kopie\" src=\"http:\/\/www.kunstgalerie-barbara.de\/blog\/wp-content\/uploads\/2013\/07\/P1340179-Kopie.jpg\" alt=\"\" width=\"400\" height=\"600\" srcset=\"http:\/\/www.kunstgalerie-barbara.de\/blog\/wp-content\/uploads\/2013\/07\/P1340179-Kopie.jpg 400w, http:\/\/www.kunstgalerie-barbara.de\/blog\/wp-content\/uploads\/2013\/07\/P1340179-Kopie-200x300.jpg 200w\" sizes=\"(max-width: 400px) 100vw, 400px\" \/><\/a>&#8230;wenn sie ausfallen, wird das Angebot an Obst und Gem\u00fcse sehr viel kleiner ausfallen, als wir es bis dato gew\u00f6hnt sind und das Angebotene wird sehr viel teuerer! Also sollten wir alles daran setzten, unseren kleinen \u00dcberlebenshelfern das Leben mit Pestiziden nicht unn\u00f6tig schwer zu machen!<\/p>\n<h2 style=\"text-align: center;\"><a href=\"https:\/\/service.greenpeace.de\/themen\/landwirtschaft\/mitmach_aktionen\/aktion\/protest_e_mail\/petition_fuer_bienenschutz\/\">https:\/\/service.greenpeace.de\/themen\/landwirtschaft\/mitmach_aktionen\/aktion\/protest_e_mail\/petition_fuer_bienenschutz\/<\/a><\/h2>\n","protected":false},"excerpt":{"rendered":"<p>&#8230;wenn sie ausfallen, wird das Angebot an Obst und Gem\u00fcse sehr viel kleiner ausfallen, als wir es bis dato gew\u00f6hnt sind und das Angebotene wird sehr viel teuerer! Also sollten wir alles daran setzten, unseren kleinen \u00dcberlebenshelfern das Leben mit Pestiziden nicht unn\u00f6tig schwer zu machen! https:\/\/service.greenpeace.de\/themen\/landwirtschaft\/mitmach_aktionen\/aktion\/protest_e_mail\/petition_fuer_bienenschutz\/<\/p>\n","protected":false},"author":1,"featured_media":0,"comment_status":"open","ping_status":"open","sticky":false,"template":"","format":"standard","meta":{"footnotes":""},"categories":[26,42,19,51,64],"tags":[],"jetpack_featured_media_url":"","_links":{"self":[{"href":"http:\/\/www.kunstgalerie-barbara.de\/blog\/wp-json\/wp\/v2\/posts\/12966"}],"collection":[{"href":"http:\/\/www.kunstgalerie-barbara.de\/blog\/wp-json\/wp\/v2\/posts"}],"about":[{"href":"http:\/\/www.kunstgalerie-barbara.de\/blog\/wp-json\/wp\/v2\/types\/post"}],"author":[{"embeddable":true,"href":"http:\/\/www.kunstgalerie-barbara.de\/blog\/wp-json\/wp\/v2\/users\/1"}],"replies":[{"embeddable":true,"href":"http:\/\/www.kunstgalerie-barbara.de\/blog\/wp-json\/wp\/v2\/comments?post=12966"}],"version-history":[{"count":1,"href":"http:\/\/www.kunstgalerie-barbara.de\/blog\/wp-json\/wp\/v2\/posts\/12966\/revisions"}],"predecessor-version":[{"id":12969,"href":"http:\/\/www.kunstgalerie-barbara.de\/blog\/wp-json\/wp\/v2\/posts\/12966\/revisions\/12969"}],"wp:attachment":[{"href":"http:\/\/www.kunstgalerie-barbara.de\/blog\/wp-json\/wp\/v2\/media?parent=12966"}],"wp:term":[{"taxonomy":"category","embeddable":true,"href":"http:\/\/www.kunstgalerie-barbara.de\/blog\/wp-json\/wp\/v2\/categories?post=12966"},{"taxonomy":"post_tag","embeddable":true,"href":"http:\/\/www.kunstgalerie-barbara.de\/blog\/wp-json\/wp\/v2\/tags?post=12966"}],"curies":[{"name":"wp","href":"https:\/\/api.w.org\/{rel}","templated":true}]}}