{"id":12973,"date":"2013-07-15T07:36:26","date_gmt":"2013-07-15T06:36:26","guid":{"rendered":"http:\/\/www.kunstgalerie-barbara.de\/blog\/?p=12973"},"modified":"2013-07-15T07:38:05","modified_gmt":"2013-07-15T06:38:05","slug":"wasserhanf-latein-eupatorium-waechst-an-feuchten-gewaesserraendern","status":"publish","type":"post","link":"http:\/\/www.kunstgalerie-barbara.de\/blog\/2013\/07\/wasserhanf-latein-eupatorium-waechst-an-feuchten-gewaesserraendern\/","title":{"rendered":"Wasserhanf latei. Eupatorium, w\u00e4chst an feuchten Gew\u00e4sserr\u00e4ndern&#8230;"},"content":{"rendered":"<p style=\"text-align: center;\"><a href=\"http:\/\/www.kunstgalerie-barbara.de\/blog\/wp-content\/uploads\/2013\/07\/P1340336-Kopie.jpg\"><img loading=\"lazy\" decoding=\"async\" class=\"aligncenter size-full wp-image-12974\" title=\"P1340336 Kopie\" src=\"http:\/\/www.kunstgalerie-barbara.de\/blog\/wp-content\/uploads\/2013\/07\/P1340336-Kopie.jpg\" alt=\"\" width=\"400\" height=\"600\" srcset=\"http:\/\/www.kunstgalerie-barbara.de\/blog\/wp-content\/uploads\/2013\/07\/P1340336-Kopie.jpg 400w, http:\/\/www.kunstgalerie-barbara.de\/blog\/wp-content\/uploads\/2013\/07\/P1340336-Kopie-200x300.jpg 200w\" sizes=\"(max-width: 400px) 100vw, 400px\" \/><\/a>&#8230;und sieht nicht nur attraktiv aus, nein, es ist hom\u00f6opatisch aufbereitet auch ein \u00e4u\u00dferst n\u00fctzliches Grippemittel!<\/p>\n","protected":false},"excerpt":{"rendered":"<p>&#8230;und sieht nicht nur attraktiv aus, nein, es ist hom\u00f6opatisch aufbereitet auch ein \u00e4u\u00dferst n\u00fctzliches Grippemittel!<\/p>\n","protected":false},"author":1,"featured_media":0,"comment_status":"open","ping_status":"open","sticky":false,"template":"","format":"standard","meta":{"footnotes":""},"categories":[22,19,51,64],"tags":[],"jetpack_featured_media_url":"","_links":{"self":[{"href":"http:\/\/www.kunstgalerie-barbara.de\/blog\/wp-json\/wp\/v2\/posts\/12973"}],"collection":[{"href":"http:\/\/www.kunstgalerie-barbara.de\/blog\/wp-json\/wp\/v2\/posts"}],"about":[{"href":"http:\/\/www.kunstgalerie-barbara.de\/blog\/wp-json\/wp\/v2\/types\/post"}],"author":[{"embeddable":true,"href":"http:\/\/www.kunstgalerie-barbara.de\/blog\/wp-json\/wp\/v2\/users\/1"}],"replies":[{"embeddable":true,"href":"http:\/\/www.kunstgalerie-barbara.de\/blog\/wp-json\/wp\/v2\/comments?post=12973"}],"version-history":[{"count":1,"href":"http:\/\/www.kunstgalerie-barbara.de\/blog\/wp-json\/wp\/v2\/posts\/12973\/revisions"}],"predecessor-version":[{"id":12976,"href":"http:\/\/www.kunstgalerie-barbara.de\/blog\/wp-json\/wp\/v2\/posts\/12973\/revisions\/12976"}],"wp:attachment":[{"href":"http:\/\/www.kunstgalerie-barbara.de\/blog\/wp-json\/wp\/v2\/media?parent=12973"}],"wp:term":[{"taxonomy":"category","embeddable":true,"href":"http:\/\/www.kunstgalerie-barbara.de\/blog\/wp-json\/wp\/v2\/categories?post=12973"},{"taxonomy":"post_tag","embeddable":true,"href":"http:\/\/www.kunstgalerie-barbara.de\/blog\/wp-json\/wp\/v2\/tags?post=12973"}],"curies":[{"name":"wp","href":"https:\/\/api.w.org\/{rel}","templated":true}]}}