{"id":13005,"date":"2013-07-21T17:21:22","date_gmt":"2013-07-21T16:21:22","guid":{"rendered":"http:\/\/www.kunstgalerie-barbara.de\/blog\/?p=13005"},"modified":"2013-07-21T17:21:22","modified_gmt":"2013-07-21T16:21:22","slug":"obsttorte","status":"publish","type":"post","link":"http:\/\/www.kunstgalerie-barbara.de\/blog\/2013\/07\/obsttorte\/","title":{"rendered":"Obsttorte&#8230;"},"content":{"rendered":"<p style=\"text-align: center;\"><a href=\"http:\/\/www.kunstgalerie-barbara.de\/blog\/wp-content\/uploads\/2013\/07\/page2.jpg\"><img loading=\"lazy\" decoding=\"async\" class=\"aligncenter size-full wp-image-13006\" title=\"page\" src=\"http:\/\/www.kunstgalerie-barbara.de\/blog\/wp-content\/uploads\/2013\/07\/page2.jpg\" alt=\"\" width=\"404\" height=\"404\" srcset=\"http:\/\/www.kunstgalerie-barbara.de\/blog\/wp-content\/uploads\/2013\/07\/page2.jpg 404w, http:\/\/www.kunstgalerie-barbara.de\/blog\/wp-content\/uploads\/2013\/07\/page2-150x150.jpg 150w, http:\/\/www.kunstgalerie-barbara.de\/blog\/wp-content\/uploads\/2013\/07\/page2-300x300.jpg 300w\" sizes=\"(max-width: 404px) 100vw, 404px\" \/><\/a>geht so:<!--more--><\/p>\n<p style=\"text-align: center;\">Geht so:<strong><em>Zuerst den M\u00fcrbteig zubereiten:<\/em><\/strong><br \/>\n<strong><em>100g Mehl 450<\/em><\/strong><br \/>\n<strong><em>100g Vollkornmehl fein gemahlen<\/em><\/strong><br \/>\n<strong><em>100g Butter oder Raps\u00f6l<\/em><\/strong><br \/>\n<strong><em>100g Vollrohrzucker<\/em><\/strong><br \/>\n<strong><em>Vanilleextrakt oder das Innere einer Vanilleschote<\/em><\/strong><br \/>\n<strong><em>2 \u2013 3 Eier<\/em><\/strong><\/p>\n<p style=\"text-align: center;\"><strong><em>Alles\u00a0 in der R\u00fchrmaschine miteinander verkneten, dann den Teig ausrollen und eine vorher eingefettete\u00a0 M\u00fcrbteigform damit auskleiden, und den Teig gut andr\u00fccken. Bei 200\u00b0 Umluft 25 Minuten backen.<\/em><\/strong><br \/>\n<strong><em>Den Tortenboden ausk\u00fchlen lassen. Inzwischen mit einem halben Liter Milch\u00a0 Vanillepudding kochen und etwas abk\u00fchlen lassen. Pudding auf den aus der Form genommenen und umgedrehten Tortenboden streichen. 500g eine Mischung aus Erdbeeren,Heidelbeeren und Himmbeeren den Tortenboden bedecken. Tortengu\u00df zubereiten und die Erdbeeren damit auf dem Pudding fixieren. In den K\u00fchlschrank zum Abk\u00fchlen stellen.<\/em><\/strong><\/p>\n<p style=\"text-align: center;\"><strong><em>Voila <\/em><\/strong><br \/>\n<strong><em>und <\/em><\/strong><br \/>\n<strong><em>Guten Appetit<\/em><\/strong><\/p>\n<div style=\"overflow: hidden; color: #000000; background-color: #ffffff; text-align: left; text-decoration: none;\">\n<br style=\"overflow: hidden; color: #000000; background-color: #ffffff; text-align: left; text-decoration: none;\" \/><\/div>\n<p style=\"text-align: center;\">\n","protected":false},"excerpt":{"rendered":"<p>geht so:<\/p>\n","protected":false},"author":1,"featured_media":0,"comment_status":"open","ping_status":"open","sticky":false,"template":"","format":"standard","meta":{"footnotes":""},"categories":[27,51],"tags":[],"jetpack_featured_media_url":"","_links":{"self":[{"href":"http:\/\/www.kunstgalerie-barbara.de\/blog\/wp-json\/wp\/v2\/posts\/13005"}],"collection":[{"href":"http:\/\/www.kunstgalerie-barbara.de\/blog\/wp-json\/wp\/v2\/posts"}],"about":[{"href":"http:\/\/www.kunstgalerie-barbara.de\/blog\/wp-json\/wp\/v2\/types\/post"}],"author":[{"embeddable":true,"href":"http:\/\/www.kunstgalerie-barbara.de\/blog\/wp-json\/wp\/v2\/users\/1"}],"replies":[{"embeddable":true,"href":"http:\/\/www.kunstgalerie-barbara.de\/blog\/wp-json\/wp\/v2\/comments?post=13005"}],"version-history":[{"count":1,"href":"http:\/\/www.kunstgalerie-barbara.de\/blog\/wp-json\/wp\/v2\/posts\/13005\/revisions"}],"predecessor-version":[{"id":13008,"href":"http:\/\/www.kunstgalerie-barbara.de\/blog\/wp-json\/wp\/v2\/posts\/13005\/revisions\/13008"}],"wp:attachment":[{"href":"http:\/\/www.kunstgalerie-barbara.de\/blog\/wp-json\/wp\/v2\/media?parent=13005"}],"wp:term":[{"taxonomy":"category","embeddable":true,"href":"http:\/\/www.kunstgalerie-barbara.de\/blog\/wp-json\/wp\/v2\/categories?post=13005"},{"taxonomy":"post_tag","embeddable":true,"href":"http:\/\/www.kunstgalerie-barbara.de\/blog\/wp-json\/wp\/v2\/tags?post=13005"}],"curies":[{"name":"wp","href":"https:\/\/api.w.org\/{rel}","templated":true}]}}