{"id":13030,"date":"2013-07-29T07:28:28","date_gmt":"2013-07-29T06:28:28","guid":{"rendered":"http:\/\/www.kunstgalerie-barbara.de\/blog\/?p=13030"},"modified":"2013-07-29T07:29:17","modified_gmt":"2013-07-29T06:29:17","slug":"meloneneis","status":"publish","type":"post","link":"http:\/\/www.kunstgalerie-barbara.de\/blog\/2013\/07\/meloneneis\/","title":{"rendered":"Meloneneis a la Benny&#8230;"},"content":{"rendered":"<p style=\"text-align: center;\"><a href=\"http:\/\/www.kunstgalerie-barbara.de\/blog\/wp-content\/uploads\/2013\/07\/page5.jpg\"><img loading=\"lazy\" decoding=\"async\" class=\"aligncenter size-full wp-image-13031\" title=\"page\" src=\"http:\/\/www.kunstgalerie-barbara.de\/blog\/wp-content\/uploads\/2013\/07\/page5.jpg\" alt=\"\" width=\"404\" height=\"404\" srcset=\"http:\/\/www.kunstgalerie-barbara.de\/blog\/wp-content\/uploads\/2013\/07\/page5.jpg 404w, http:\/\/www.kunstgalerie-barbara.de\/blog\/wp-content\/uploads\/2013\/07\/page5-150x150.jpg 150w, http:\/\/www.kunstgalerie-barbara.de\/blog\/wp-content\/uploads\/2013\/07\/page5-300x300.jpg 300w\" sizes=\"(max-width: 404px) 100vw, 404px\" \/><\/a>ist kalorienarm und trotzdem sehr schmackhaft! Der einzige Nachteil, es ist sehr, sehr kalt aber bei hei\u00dfem Wetter sorgt dies halt f\u00fcr die n\u00f6tige Abk\u00fchlung!<br \/>\ngeht so&#8230;<!--more-->Wasser oder Honigmelonenfleisch in St\u00fccke schneiden, nachdem die Melonenkerne entfernt wurden. Dann ab mit den Melonenst\u00fccken f\u00fcr ein paar Stunden ins Gefrierfach oder Gefrierschrank. Die gefrosteten St\u00fccke zusammen mit zwei E\u00dfl\u00f6ffeln Honig oder Vollrohrzucker und etwas Apfelsaft in der K\u00fcchenmaschine oder mit dem Stabmixer p\u00fcrieren, fertig ist das Meloneneis.<\/p>\n","protected":false},"excerpt":{"rendered":"<p>ist kalorienarm und trotzdem sehr schmackhaft! Der einzige Nachteil, es ist sehr, sehr kalt aber bei hei\u00dfem Wetter sorgt dies halt f\u00fcr die n\u00f6tige Abk\u00fchlung! geht so&#8230;<\/p>\n","protected":false},"author":1,"featured_media":0,"comment_status":"open","ping_status":"open","sticky":false,"template":"","format":"standard","meta":{"footnotes":""},"categories":[27,51],"tags":[],"jetpack_featured_media_url":"","_links":{"self":[{"href":"http:\/\/www.kunstgalerie-barbara.de\/blog\/wp-json\/wp\/v2\/posts\/13030"}],"collection":[{"href":"http:\/\/www.kunstgalerie-barbara.de\/blog\/wp-json\/wp\/v2\/posts"}],"about":[{"href":"http:\/\/www.kunstgalerie-barbara.de\/blog\/wp-json\/wp\/v2\/types\/post"}],"author":[{"embeddable":true,"href":"http:\/\/www.kunstgalerie-barbara.de\/blog\/wp-json\/wp\/v2\/users\/1"}],"replies":[{"embeddable":true,"href":"http:\/\/www.kunstgalerie-barbara.de\/blog\/wp-json\/wp\/v2\/comments?post=13030"}],"version-history":[{"count":1,"href":"http:\/\/www.kunstgalerie-barbara.de\/blog\/wp-json\/wp\/v2\/posts\/13030\/revisions"}],"predecessor-version":[{"id":13034,"href":"http:\/\/www.kunstgalerie-barbara.de\/blog\/wp-json\/wp\/v2\/posts\/13030\/revisions\/13034"}],"wp:attachment":[{"href":"http:\/\/www.kunstgalerie-barbara.de\/blog\/wp-json\/wp\/v2\/media?parent=13030"}],"wp:term":[{"taxonomy":"category","embeddable":true,"href":"http:\/\/www.kunstgalerie-barbara.de\/blog\/wp-json\/wp\/v2\/categories?post=13030"},{"taxonomy":"post_tag","embeddable":true,"href":"http:\/\/www.kunstgalerie-barbara.de\/blog\/wp-json\/wp\/v2\/tags?post=13030"}],"curies":[{"name":"wp","href":"https:\/\/api.w.org\/{rel}","templated":true}]}}