{"id":13042,"date":"2013-08-02T17:31:01","date_gmt":"2013-08-02T16:31:01","guid":{"rendered":"http:\/\/www.kunstgalerie-barbara.de\/blog\/?p=13042"},"modified":"2013-08-02T17:31:01","modified_gmt":"2013-08-02T16:31:01","slug":"kartoffelsalat-a-la-barbara","status":"publish","type":"post","link":"http:\/\/www.kunstgalerie-barbara.de\/blog\/2013\/08\/kartoffelsalat-a-la-barbara\/","title":{"rendered":"Kartoffelsalat a la Barbara"},"content":{"rendered":"<p style=\"text-align: center;\"><a href=\"http:\/\/www.kunstgalerie-barbara.de\/blog\/wp-content\/uploads\/2013\/08\/P1340874-Kopie.jpg\"><img loading=\"lazy\" decoding=\"async\" class=\"aligncenter size-full wp-image-13043\" title=\"P1340874 Kopie\" src=\"http:\/\/www.kunstgalerie-barbara.de\/blog\/wp-content\/uploads\/2013\/08\/P1340874-Kopie.jpg\" alt=\"\" width=\"470\" height=\"313\" srcset=\"http:\/\/www.kunstgalerie-barbara.de\/blog\/wp-content\/uploads\/2013\/08\/P1340874-Kopie.jpg 470w, http:\/\/www.kunstgalerie-barbara.de\/blog\/wp-content\/uploads\/2013\/08\/P1340874-Kopie-300x199.jpg 300w\" sizes=\"(max-width: 470px) 100vw, 470px\" \/><\/a>geht so:<!--more--> Vorwiegend festkochende Kartoffeln in der Schale kochen, abk\u00fchlen lassen, pellen und in Scheiben schneiden.<br \/>\nTomatenscheiben, Paprikaschoten in St\u00fccken und Salatgurkenscheiben, in Streifen geschnittenen Apfel und kleingezupfte Salatbl\u00e4tter hinzuf\u00fcgen<br \/>\nEine Salatso\u00dfe aus mittelscharfem grobk\u00f6rnigem Senf, Kr\u00e4utersalz, schwarzem gemahlenem Pfeffer, Raps\u00f6l, Himbeeressig, etwas Wasser herstellen und diese \u00fcber den Salat gie\u00dfen und unterheben!<br \/>\nEine erfrischende Mahlzeit an hei\u00dfen Tagen!<\/p>\n<p style=\"text-align: center;\">Guten Appetit!<\/p>\n","protected":false},"excerpt":{"rendered":"<p>geht so:<\/p>\n","protected":false},"author":1,"featured_media":0,"comment_status":"open","ping_status":"open","sticky":false,"template":"","format":"standard","meta":{"footnotes":""},"categories":[27,51],"tags":[],"jetpack_featured_media_url":"","_links":{"self":[{"href":"http:\/\/www.kunstgalerie-barbara.de\/blog\/wp-json\/wp\/v2\/posts\/13042"}],"collection":[{"href":"http:\/\/www.kunstgalerie-barbara.de\/blog\/wp-json\/wp\/v2\/posts"}],"about":[{"href":"http:\/\/www.kunstgalerie-barbara.de\/blog\/wp-json\/wp\/v2\/types\/post"}],"author":[{"embeddable":true,"href":"http:\/\/www.kunstgalerie-barbara.de\/blog\/wp-json\/wp\/v2\/users\/1"}],"replies":[{"embeddable":true,"href":"http:\/\/www.kunstgalerie-barbara.de\/blog\/wp-json\/wp\/v2\/comments?post=13042"}],"version-history":[{"count":1,"href":"http:\/\/www.kunstgalerie-barbara.de\/blog\/wp-json\/wp\/v2\/posts\/13042\/revisions"}],"predecessor-version":[{"id":13044,"href":"http:\/\/www.kunstgalerie-barbara.de\/blog\/wp-json\/wp\/v2\/posts\/13042\/revisions\/13044"}],"wp:attachment":[{"href":"http:\/\/www.kunstgalerie-barbara.de\/blog\/wp-json\/wp\/v2\/media?parent=13042"}],"wp:term":[{"taxonomy":"category","embeddable":true,"href":"http:\/\/www.kunstgalerie-barbara.de\/blog\/wp-json\/wp\/v2\/categories?post=13042"},{"taxonomy":"post_tag","embeddable":true,"href":"http:\/\/www.kunstgalerie-barbara.de\/blog\/wp-json\/wp\/v2\/tags?post=13042"}],"curies":[{"name":"wp","href":"https:\/\/api.w.org\/{rel}","templated":true}]}}