{"id":13066,"date":"2013-08-12T06:02:23","date_gmt":"2013-08-12T05:02:23","guid":{"rendered":"http:\/\/www.kunstgalerie-barbara.de\/blog\/?p=13066"},"modified":"2013-08-12T06:03:20","modified_gmt":"2013-08-12T05:03:20","slug":"offshore-windpark-riffgat-bei-borkum-eingeweiht","status":"publish","type":"post","link":"http:\/\/www.kunstgalerie-barbara.de\/blog\/2013\/08\/offshore-windpark-riffgat-bei-borkum-eingeweiht\/","title":{"rendered":"Offshore Windpark &#8220;Riffgat&#8221; bei Borkum eingeweiht&#8230;"},"content":{"rendered":"<p><a href=\"http:\/\/www.kunstgalerie-barbara.de\/blog\/wp-content\/uploads\/2013\/08\/P1350110-Kopie.jpg\"><img loading=\"lazy\" decoding=\"async\" class=\"aligncenter size-full wp-image-13068\" title=\"P1350110 Kopie\" src=\"http:\/\/www.kunstgalerie-barbara.de\/blog\/wp-content\/uploads\/2013\/08\/P1350110-Kopie.jpg\" alt=\"\" width=\"400\" height=\"600\" srcset=\"http:\/\/www.kunstgalerie-barbara.de\/blog\/wp-content\/uploads\/2013\/08\/P1350110-Kopie.jpg 400w, http:\/\/www.kunstgalerie-barbara.de\/blog\/wp-content\/uploads\/2013\/08\/P1350110-Kopie-200x300.jpg 200w\" sizes=\"(max-width: 400px) 100vw, 400px\" \/><\/a>&#8230;doch wann er Strom liefern wird, steht weiterhin in den Sternen, denn es hapert nach wie vor an den daf\u00fcr n\u00f6tigen Infrastruktur, an den Anschl\u00fcssen!<\/p>\n<p><a href=\"http:\/\/www.ndr.de\/regional\/niedersachsen\/oldenburg\/riffgat133.html\">http:\/\/www.ndr.de\/regional\/niedersachsen\/oldenburg\/riffgat133.html<\/a><\/p>\n<p><a href=\"http:\/\/www.lr-online.de\/nachrichten\/wirtschaft\/Wirtschaft-Geister-Windpark-vor-Borkum;art77647,4293715\">http:\/\/www.lr-online.de\/nachrichten\/wirtschaft\/Wirtschaft-Geister-Windpark-vor-Borkum;art77647,4293715<\/a><\/p>\n","protected":false},"excerpt":{"rendered":"<p>&#8230;doch wann er Strom liefern wird, steht weiterhin in den Sternen, denn es hapert nach wie vor an den daf\u00fcr n\u00f6tigen Infrastruktur, an den Anschl\u00fcssen! http:\/\/www.ndr.de\/regional\/niedersachsen\/oldenburg\/riffgat133.html http:\/\/www.lr-online.de\/nachrichten\/wirtschaft\/Wirtschaft-Geister-Windpark-vor-Borkum;art77647,4293715<\/p>\n","protected":false},"author":1,"featured_media":0,"comment_status":"open","ping_status":"open","sticky":false,"template":"","format":"standard","meta":{"footnotes":""},"categories":[42,40,51,64],"tags":[],"jetpack_featured_media_url":"","_links":{"self":[{"href":"http:\/\/www.kunstgalerie-barbara.de\/blog\/wp-json\/wp\/v2\/posts\/13066"}],"collection":[{"href":"http:\/\/www.kunstgalerie-barbara.de\/blog\/wp-json\/wp\/v2\/posts"}],"about":[{"href":"http:\/\/www.kunstgalerie-barbara.de\/blog\/wp-json\/wp\/v2\/types\/post"}],"author":[{"embeddable":true,"href":"http:\/\/www.kunstgalerie-barbara.de\/blog\/wp-json\/wp\/v2\/users\/1"}],"replies":[{"embeddable":true,"href":"http:\/\/www.kunstgalerie-barbara.de\/blog\/wp-json\/wp\/v2\/comments?post=13066"}],"version-history":[{"count":1,"href":"http:\/\/www.kunstgalerie-barbara.de\/blog\/wp-json\/wp\/v2\/posts\/13066\/revisions"}],"predecessor-version":[{"id":13072,"href":"http:\/\/www.kunstgalerie-barbara.de\/blog\/wp-json\/wp\/v2\/posts\/13066\/revisions\/13072"}],"wp:attachment":[{"href":"http:\/\/www.kunstgalerie-barbara.de\/blog\/wp-json\/wp\/v2\/media?parent=13066"}],"wp:term":[{"taxonomy":"category","embeddable":true,"href":"http:\/\/www.kunstgalerie-barbara.de\/blog\/wp-json\/wp\/v2\/categories?post=13066"},{"taxonomy":"post_tag","embeddable":true,"href":"http:\/\/www.kunstgalerie-barbara.de\/blog\/wp-json\/wp\/v2\/tags?post=13066"}],"curies":[{"name":"wp","href":"https:\/\/api.w.org\/{rel}","templated":true}]}}