{"id":13126,"date":"2013-08-28T06:52:55","date_gmt":"2013-08-28T05:52:55","guid":{"rendered":"http:\/\/www.kunstgalerie-barbara.de\/blog\/?p=13126"},"modified":"2013-08-28T06:53:23","modified_gmt":"2013-08-28T05:53:23","slug":"zeit-fuer-pflaumenkuchen","status":"publish","type":"post","link":"http:\/\/www.kunstgalerie-barbara.de\/blog\/2013\/08\/zeit-fuer-pflaumenkuchen\/","title":{"rendered":"Zeit f\u00fcr Pflaumenkuchen&#8230;"},"content":{"rendered":"<p style=\"text-align: center;\"><a href=\"http:\/\/www.kunstgalerie-barbara.de\/blog\/wp-content\/uploads\/2013\/08\/P1370131-Kopie.jpg\"><img loading=\"lazy\" decoding=\"async\" class=\"aligncenter size-full wp-image-13127\" title=\"P1370131 Kopie\" src=\"http:\/\/www.kunstgalerie-barbara.de\/blog\/wp-content\/uploads\/2013\/08\/P1370131-Kopie.jpg\" alt=\"\" width=\"400\" height=\"600\" srcset=\"http:\/\/www.kunstgalerie-barbara.de\/blog\/wp-content\/uploads\/2013\/08\/P1370131-Kopie.jpg 400w, http:\/\/www.kunstgalerie-barbara.de\/blog\/wp-content\/uploads\/2013\/08\/P1370131-Kopie-200x300.jpg 200w\" sizes=\"(max-width: 400px) 100vw, 400px\" \/><\/a>geht so<!--more--><strong><em>M\u00fcrbeteig zubereiten aus<\/em><\/strong><br \/>\n<strong><em>200 Gramm Vollkornmehl, vier E\u00dfl\u00f6ffeln Vollrohrzucker, 1 Ei, 125Gramm Butter oder die gleiche Menge Raps\u00f6l, Vanillepulver, etwas Zimtpulver, ein P\u00e4ckchen Backpulver. Alles miteinander verkneten und ausrollen. Eine Tartform damit auskleiden. <\/em><\/strong><br \/>\n<strong><em>1Kg\u00a0 s\u00fc\u00dfe Pflaumen entsteinen und je nach Lust und Geschmack auf dem Teig verteilen.\u00a0 Zwei L\u00f6ffel Vollrohrzucker und ein P\u00e4ckchen gestiftelte Mandeln darauf verteilen. Bei 200\u00b0 auf mittlerer Schiene eine halbe Stunde backen. <\/em><\/strong><br \/>\n<strong><em>ausk\u00fchlen lassen und entweder mit Schlagsahne oder einer Kugel Vanilleeis servieren !!!!!!!!!!!!!!!<\/em><\/strong><\/p>\n<p style=\"text-align: center;\"><strong><em>Guten Appetit<\/em><\/strong><\/p>\n","protected":false},"excerpt":{"rendered":"<p>geht so<\/p>\n","protected":false},"author":1,"featured_media":0,"comment_status":"open","ping_status":"open","sticky":false,"template":"","format":"standard","meta":{"footnotes":""},"categories":[27,51],"tags":[],"jetpack_featured_media_url":"","_links":{"self":[{"href":"http:\/\/www.kunstgalerie-barbara.de\/blog\/wp-json\/wp\/v2\/posts\/13126"}],"collection":[{"href":"http:\/\/www.kunstgalerie-barbara.de\/blog\/wp-json\/wp\/v2\/posts"}],"about":[{"href":"http:\/\/www.kunstgalerie-barbara.de\/blog\/wp-json\/wp\/v2\/types\/post"}],"author":[{"embeddable":true,"href":"http:\/\/www.kunstgalerie-barbara.de\/blog\/wp-json\/wp\/v2\/users\/1"}],"replies":[{"embeddable":true,"href":"http:\/\/www.kunstgalerie-barbara.de\/blog\/wp-json\/wp\/v2\/comments?post=13126"}],"version-history":[{"count":1,"href":"http:\/\/www.kunstgalerie-barbara.de\/blog\/wp-json\/wp\/v2\/posts\/13126\/revisions"}],"predecessor-version":[{"id":13131,"href":"http:\/\/www.kunstgalerie-barbara.de\/blog\/wp-json\/wp\/v2\/posts\/13126\/revisions\/13131"}],"wp:attachment":[{"href":"http:\/\/www.kunstgalerie-barbara.de\/blog\/wp-json\/wp\/v2\/media?parent=13126"}],"wp:term":[{"taxonomy":"category","embeddable":true,"href":"http:\/\/www.kunstgalerie-barbara.de\/blog\/wp-json\/wp\/v2\/categories?post=13126"},{"taxonomy":"post_tag","embeddable":true,"href":"http:\/\/www.kunstgalerie-barbara.de\/blog\/wp-json\/wp\/v2\/tags?post=13126"}],"curies":[{"name":"wp","href":"https:\/\/api.w.org\/{rel}","templated":true}]}}