{"id":13140,"date":"2013-09-02T16:24:10","date_gmt":"2013-09-02T15:24:10","guid":{"rendered":"http:\/\/www.kunstgalerie-barbara.de\/blog\/?p=13140"},"modified":"2013-09-02T16:24:10","modified_gmt":"2013-09-02T15:24:10","slug":"wind-sonne-und-biomasse-rekordwerte-fuer-2012","status":"publish","type":"post","link":"http:\/\/www.kunstgalerie-barbara.de\/blog\/2013\/09\/wind-sonne-und-biomasse-rekordwerte-fuer-2012\/","title":{"rendered":"WIND, SONNE und BIOMASSE &#8211; Rekordwerte f\u00fcr 2012"},"content":{"rendered":"<p class=\"teaser\">Im Jahr 2012 f\u00fchrte die wachsende Nutzung von Wind, Sonne und Biomasse zu einem Rekordwert in der bundesweiten Wertsch\u00f6pfung von 17 Milliarden Euro. Zu diesem Ergebnis kommt das Institut f\u00fcr \u00f6kologische Wirtschaftsforschung (<abbr title=\"Institut f\u00fcr \u00f6kologische Wirtschaftsforschung\">I\u00d6W<\/abbr>) in einer aktuellen Studie f\u00fcr <span lang=\"en\">Greenpeace<\/span>.<\/p>\n<div class=\"image_float_left\"><a title=\"Bild in der Detailansicht \u00f6ffnen\" href=\"http:\/\/www.greenpeace.de\/themen\/energie\/nachrichten\/artikel\/erneuerbare_erwirtschaften_17_milliarden_euro_in_2012\/ansicht\/bild\/\"><img loading=\"lazy\" decoding=\"async\" title=\"Erneuerbare Energien sind Wirtschaftsmotor f\u00fcr Kommunen\" src=\"http:\/\/www.greenpeace.de\/typo3temp\/GB\/62e628da2e.jpg\" alt=\"Erneuerbare Energien sind Wirtschaftsmotor f\u00fcr Kommunen\" longdesc=\"themen\/energie\/nachrichten\/artikel\/erneuerbare_erwirtschaften_17_milliarden_euro_in_2012\/ansicht\/bild\/\" width=\"320\" height=\"230\" border=\"0\" \/><\/a><\/p>\n<ul>\n<li><a title=\"Bild in der Detailansicht der Bildergalerie \u00f6ffnen\" href=\"http:\/\/www.greenpeace.de\/themen\/energie\/nachrichten\/artikel\/erneuerbare_erwirtschaften_17_milliarden_euro_in_2012\/ansicht\/bild\/\">Details zu diesem Bild anzeigen<\/a><\/li>\n<li>Erneuerbare Energien sind Wirtschaftsmotor f\u00fcr Kommunen<\/li>\n<li class=\"galerie\"><a href=\"http:\/\/www.greenpeace.de\/themen\/energie\/nachrichten\/artikel\/erneuerbare_erwirtschaften_17_milliarden_euro_in_2012\/ansicht\/bild\/\">Bildergalerie starten<\/a><\/li>\n<\/ul>\n<\/div>\n<p>Zwei Drittel der Wertsch\u00f6pfung kommt dabei St\u00e4dten und Gemeinden zu Gute. &#8220;Die Erneuerbaren Energien treiben die Wirtschaft in strukturschwachen l\u00e4ndlichen Regionen an&#8221;, sagt Andree B\u00f6hling, Energie-Experte von <span lang=\"en\">Greenpeace<\/span>. Diesen Motor d\u00fcrfe die Bundesregierung mit ihrer Reform des Erneuerbaren Energien-Gesetzes nicht fahrl\u00e4ssig abw\u00fcrgen. <!--more--><\/p>\n<p>&nbsp;<\/p>\n<h3>6 Milliarden Kostenersparnis durch Erneuerbare<\/h3>\n<p>Erstmalig erhob das <abbr title=\"Institut f\u00fcr \u00f6kologische Wirtschaftsforschung\">I\u00d6W<\/abbr> auch die indirekte Wertsch\u00f6pfung durch Erneuerbare Energien und kam dabei zu einem Gesamtwert von 25 Milliarden Euro. Hier flossen die Vorleistungen der Zuliefer- und Dienstleistungsunternehmen mit ein. Sie generierten weitere 8,5 Milliarden Euro an bundesweiter Wertsch\u00f6pfung. Der Ausbau Erneuerbarer Energien f\u00fchrt somit zu h\u00f6heren Steuereinnahmen, Unternehmensgewinnen und Einkommen f\u00fcr eine Vielzahl von Besch\u00e4ftigten in Bund, L\u00e4ndern und Kommunen. Dar\u00fcber hinaus sparte der Einsatz von Wind und Sonne Kosten in H\u00f6he von 6 Milliarden Euro, die sonst f\u00fcr den Import von \u00d6l, Kohle und Gas angefallen w\u00e4ren. Trotz einzelner R\u00fcckschl\u00e4ge wie zuletzt in der Solarbranche stieg die Wirtschaftskraft der Branche im Vergleich zum Vorjahr um rund zehn Prozent. Aufgrund der Krise in der Solar- und Biogasbranche sank jedoch die Zahl der direkt Besch\u00e4ftigten verglichen mit dem Jahr 2011 um zehn Prozent auf 166.000.<\/p>\n<div class=\"image_float_right\"><a title=\"Bild in der Detailansicht \u00f6ffnen\" href=\"http:\/\/www.greenpeace.de\/themen\/energie\/nachrichten\/artikel\/erneuerbare_erwirtschaften_17_milliarden_euro_in_2012\/ansicht\/bild\/2\/\"><img loading=\"lazy\" decoding=\"async\" title=\"Direkte und indirekte Wertsch\u00f6pfung durch Erneuerbare Energien nach Technologiebereichen in 2012 (Grafik: i\u00f6f)\" src=\"http:\/\/www.greenpeace.de\/typo3temp\/GB\/b528732670.jpg\" alt=\"Direkte und indirekte Wertsch\u00f6pfung durch Erneuerbare Energien nach Technologiebereichen in 2012 (Grafik: i\u00f6f)\" longdesc=\"themen\/energie\/nachrichten\/artikel\/erneuerbare_erwirtschaften_17_milliarden_euro_in_2012\/ansicht\/bild\/1\/\" width=\"320\" height=\"240\" border=\"0\" \/><\/a><\/p>\n<ul>\n<li><a title=\"Bild in der Detailansicht der Bildergalerie \u00f6ffnen\" href=\"http:\/\/www.greenpeace.de\/themen\/energie\/nachrichten\/artikel\/erneuerbare_erwirtschaften_17_milliarden_euro_in_2012\/ansicht\/bild\/2\/\">Details zu diesem Bild anzeigen<\/a><\/li>\n<li>Direkte und indirekte Wertsch\u00f6pfung durch Erneuerbare Energien nach Technologiebereichen in 2012 (Grafik: i\u00f6f)<\/li>\n<li class=\"galerie\"><a href=\"http:\/\/www.greenpeace.de\/themen\/energie\/nachrichten\/artikel\/erneuerbare_erwirtschaften_17_milliarden_euro_in_2012\/ansicht\/bild\/2\/\">Bildergalerie starten<\/a><\/li>\n<\/ul>\n<\/div>\n<h3>Zwei Drittel der Wertsch\u00f6pfung in Installation und Betrieb<\/h3>\n<p>Rund zwei Drittel der Wertsch\u00f6pfung und der Arbeitspl\u00e4tze entstanden in den Bereichen Installation, Planung und Betrieb regenerativer Anlagen. Die Arbeitspl\u00e4tze verteilen sich \u00fcber das gesamte Bundesgebiet. &#8220;Vorteil einer dezentraler Energieerzeugung ist es, dass Besch\u00e4ftigung und Wertsch\u00f6pfung in einer Vielzahl von Kommunen stattfinden &#8211; anders bei zentralen Gro\u00dfkraftwerken, von denen nur sehr wenige Energieversorger und Standorte profitieren&#8221;, so Prof. Dr. Bernd Hirschl, der Leiter der Studie. Der Anlagenbau, der auf wenige Kommunen konzentriert ist, stellt ein Drittel der direkt Besch\u00e4ftigten. Die Gesamtzahl der Arbeitspl\u00e4tze bezifferte das Bundesumweltministerium sogar mit 377.800, einschlie\u00dflich der Zuliefer- und Dienstleistungsbetriebe, die Vorleistungen f\u00fcr die EE-Branchen bereitstellen.<\/p>\n<h3>Wirtschaftsleistung k\u00f6nnte um weitere 50 Prozent zunehmen<\/h3>\n<p>Mit rund 16 Milliarden Euro und 68 Prozent an der gesamten Wertsch\u00f6pfung aus Erneuerbaren Energien trugen Solarstrom und Windenergie den weitaus gr\u00f6\u00dften Teil bei. Bis zum Jahr 2030 k\u00f6nnte die Wirtschaftsleistung durch Erneuerbare Energien laut Studie bei gleich bleibendem Ausbautempo um weitere 50 Prozent zunehmen.<\/p>\n","protected":false},"excerpt":{"rendered":"<p>Im Jahr 2012 f\u00fchrte die wachsende Nutzung von Wind, Sonne und Biomasse zu einem Rekordwert in der bundesweiten Wertsch\u00f6pfung von 17 Milliarden Euro. Zu diesem Ergebnis kommt das Institut f\u00fcr \u00f6kologische Wirtschaftsforschung (I\u00d6W) in einer aktuellen Studie f\u00fcr Greenpeace. Details zu diesem Bild anzeigen Erneuerbare Energien sind Wirtschaftsmotor f\u00fcr Kommunen Bildergalerie starten Zwei Drittel der Wertsch\u00f6pfung kommt dabei St\u00e4dten und Gemeinden zu Gute. &#8220;Die Erneuerbaren Energien treiben die Wirtschaft in strukturschwachen l\u00e4ndlichen Regionen an&#8221;, sagt Andree B\u00f6hling, Energie-Experte von Greenpeace. Diesen Motor d\u00fcrfe die Bundesregierung mit ihrer Reform des Erneuerbaren Energien-Gesetzes nicht fahrl\u00e4ssig abw\u00fcrgen.<\/p>\n","protected":false},"author":1,"featured_media":0,"comment_status":"open","ping_status":"open","sticky":false,"template":"","format":"standard","meta":{"footnotes":""},"categories":[42,51,64],"tags":[],"jetpack_featured_media_url":"","_links":{"self":[{"href":"http:\/\/www.kunstgalerie-barbara.de\/blog\/wp-json\/wp\/v2\/posts\/13140"}],"collection":[{"href":"http:\/\/www.kunstgalerie-barbara.de\/blog\/wp-json\/wp\/v2\/posts"}],"about":[{"href":"http:\/\/www.kunstgalerie-barbara.de\/blog\/wp-json\/wp\/v2\/types\/post"}],"author":[{"embeddable":true,"href":"http:\/\/www.kunstgalerie-barbara.de\/blog\/wp-json\/wp\/v2\/users\/1"}],"replies":[{"embeddable":true,"href":"http:\/\/www.kunstgalerie-barbara.de\/blog\/wp-json\/wp\/v2\/comments?post=13140"}],"version-history":[{"count":1,"href":"http:\/\/www.kunstgalerie-barbara.de\/blog\/wp-json\/wp\/v2\/posts\/13140\/revisions"}],"predecessor-version":[{"id":13142,"href":"http:\/\/www.kunstgalerie-barbara.de\/blog\/wp-json\/wp\/v2\/posts\/13140\/revisions\/13142"}],"wp:attachment":[{"href":"http:\/\/www.kunstgalerie-barbara.de\/blog\/wp-json\/wp\/v2\/media?parent=13140"}],"wp:term":[{"taxonomy":"category","embeddable":true,"href":"http:\/\/www.kunstgalerie-barbara.de\/blog\/wp-json\/wp\/v2\/categories?post=13140"},{"taxonomy":"post_tag","embeddable":true,"href":"http:\/\/www.kunstgalerie-barbara.de\/blog\/wp-json\/wp\/v2\/tags?post=13140"}],"curies":[{"name":"wp","href":"https:\/\/api.w.org\/{rel}","templated":true}]}}