{"id":13162,"date":"2013-09-06T08:01:06","date_gmt":"2013-09-06T07:01:06","guid":{"rendered":"http:\/\/www.kunstgalerie-barbara.de\/blog\/?p=13162"},"modified":"2013-09-06T11:45:57","modified_gmt":"2013-09-06T10:45:57","slug":"es-waere-wuenschenswert-wenn-biogasanlagen-auf-dem-land","status":"publish","type":"post","link":"http:\/\/www.kunstgalerie-barbara.de\/blog\/2013\/09\/es-waere-wuenschenswert-wenn-biogasanlagen-auf-dem-land\/","title":{"rendered":"Es w\u00e4re w\u00fcnschenswert, wenn Biogasanlagen &#8230;"},"content":{"rendered":"<p><a href=\"http:\/\/www.kunstgalerie-barbara.de\/blog\/wp-content\/uploads\/2013\/09\/P1370015-Kopie.jpg\"><img loading=\"lazy\" decoding=\"async\" class=\"aligncenter size-full wp-image-13163\" title=\"P1370015 Kopie\" src=\"http:\/\/www.kunstgalerie-barbara.de\/blog\/wp-content\/uploads\/2013\/09\/P1370015-Kopie.jpg\" alt=\"\" width=\"470\" height=\"313\" srcset=\"http:\/\/www.kunstgalerie-barbara.de\/blog\/wp-content\/uploads\/2013\/09\/P1370015-Kopie.jpg 470w, http:\/\/www.kunstgalerie-barbara.de\/blog\/wp-content\/uploads\/2013\/09\/P1370015-Kopie-300x199.jpg 300w\" sizes=\"(max-width: 470px) 100vw, 470px\" \/><\/a><\/p>\n<p style=\"text-align: center;\">&#8230;mit dem was Bauern zum \u00dcberflu\u00df haben, n\u00e4mlich mit Stallmist befeuert w\u00fcrden, statt die G\u00fclle nach wie vor auf die Felder zu kippen und sie damit zu \u00fcberd\u00fcngen. Nein, da wird \u00f6kologisch gar nicht sinnvoll Mais angebaut, Mais, der starker D\u00fcngung bedarf und zus\u00e4tzlich den Boden auspowert! Aus dem zerkleinerten Mais, aus der\u00a0 Silage wird dann\u00a0 auf h\u00f6chst umst\u00e4ndliche Art Biogas hergestellt!<\/p>\n<p><a href=\"http:\/\/gruppen.greenpeace.de\/wuppertal\/service_files\/infoliste_files\/energie_erneuerbare_energien\/biogas_november_2010.pdf\">http:\/\/gruppen.greenpeace.de\/wuppertal\/service_files\/infoliste_files\/energie_erneuerbare_energien\/biogas_november_2010.pdf<\/a><\/p>\n","protected":false},"excerpt":{"rendered":"<p>&#8230;mit dem was Bauern zum \u00dcberflu\u00df haben, n\u00e4mlich mit Stallmist befeuert w\u00fcrden, statt die G\u00fclle nach wie vor auf die Felder zu kippen und sie damit zu \u00fcberd\u00fcngen. Nein, da wird \u00f6kologisch gar nicht sinnvoll Mais angebaut, Mais, der starker D\u00fcngung bedarf und zus\u00e4tzlich den Boden auspowert! Aus dem zerkleinerten Mais, aus der\u00a0 Silage wird dann\u00a0 auf h\u00f6chst umst\u00e4ndliche Art Biogas hergestellt! http:\/\/gruppen.greenpeace.de\/wuppertal\/service_files\/infoliste_files\/energie_erneuerbare_energien\/biogas_november_2010.pdf<\/p>\n","protected":false},"author":1,"featured_media":0,"comment_status":"open","ping_status":"open","sticky":false,"template":"","format":"standard","meta":{"footnotes":""},"categories":[3,42,64],"tags":[],"jetpack_featured_media_url":"","_links":{"self":[{"href":"http:\/\/www.kunstgalerie-barbara.de\/blog\/wp-json\/wp\/v2\/posts\/13162"}],"collection":[{"href":"http:\/\/www.kunstgalerie-barbara.de\/blog\/wp-json\/wp\/v2\/posts"}],"about":[{"href":"http:\/\/www.kunstgalerie-barbara.de\/blog\/wp-json\/wp\/v2\/types\/post"}],"author":[{"embeddable":true,"href":"http:\/\/www.kunstgalerie-barbara.de\/blog\/wp-json\/wp\/v2\/users\/1"}],"replies":[{"embeddable":true,"href":"http:\/\/www.kunstgalerie-barbara.de\/blog\/wp-json\/wp\/v2\/comments?post=13162"}],"version-history":[{"count":1,"href":"http:\/\/www.kunstgalerie-barbara.de\/blog\/wp-json\/wp\/v2\/posts\/13162\/revisions"}],"predecessor-version":[{"id":13170,"href":"http:\/\/www.kunstgalerie-barbara.de\/blog\/wp-json\/wp\/v2\/posts\/13162\/revisions\/13170"}],"wp:attachment":[{"href":"http:\/\/www.kunstgalerie-barbara.de\/blog\/wp-json\/wp\/v2\/media?parent=13162"}],"wp:term":[{"taxonomy":"category","embeddable":true,"href":"http:\/\/www.kunstgalerie-barbara.de\/blog\/wp-json\/wp\/v2\/categories?post=13162"},{"taxonomy":"post_tag","embeddable":true,"href":"http:\/\/www.kunstgalerie-barbara.de\/blog\/wp-json\/wp\/v2\/tags?post=13162"}],"curies":[{"name":"wp","href":"https:\/\/api.w.org\/{rel}","templated":true}]}}