{"id":13180,"date":"2013-09-07T14:49:21","date_gmt":"2013-09-07T13:49:21","guid":{"rendered":"http:\/\/www.kunstgalerie-barbara.de\/blog\/?p=13180"},"modified":"2013-09-07T14:54:27","modified_gmt":"2013-09-07T13:54:27","slug":"wir-waehlen-jeden-tag-entscheiden-uns-fuer-dies-oder-jenes","status":"publish","type":"post","link":"http:\/\/www.kunstgalerie-barbara.de\/blog\/2013\/09\/wir-waehlen-jeden-tag-entscheiden-uns-fuer-dies-oder-jenes\/","title":{"rendered":"Wir w\u00e4hlen jeden Tag, entscheiden uns f\u00fcr dies oder jenes &#8230;"},"content":{"rendered":"<p><a href=\"http:\/\/www.kunstgalerie-barbara.de\/blog\/wp-content\/uploads\/2013\/09\/P1370869-Kopie.jpg\"><img loading=\"lazy\" decoding=\"async\" class=\"aligncenter size-full wp-image-13186\" title=\"P1370869 Kopie\" src=\"http:\/\/www.kunstgalerie-barbara.de\/blog\/wp-content\/uploads\/2013\/09\/P1370869-Kopie.jpg\" alt=\"\" width=\"470\" height=\"313\" srcset=\"http:\/\/www.kunstgalerie-barbara.de\/blog\/wp-content\/uploads\/2013\/09\/P1370869-Kopie.jpg 470w, http:\/\/www.kunstgalerie-barbara.de\/blog\/wp-content\/uploads\/2013\/09\/P1370869-Kopie-300x199.jpg 300w\" sizes=\"(max-width: 470px) 100vw, 470px\" \/><\/a>&#8230;oder w\u00e4hlen es ab, nicht nur alle vier Jahre. Das was wir tun oder lassen hat ganz direkte Auswirkungen auf unsere Umwelt und ist selbstverst\u00e4ndlich ebenso politisch relevant wie eine Bundestagswahl!<br \/>\nMit dem, was wir tagt\u00e4glich tun, haben wir die Macht Dinge zu beeinflussen, zu ver\u00e4ndern! Wir alle sollten uns, bei dem was wir tun, unserer Macht bewu\u00dft sein!<\/p>\n","protected":false},"excerpt":{"rendered":"<p>&#8230;oder w\u00e4hlen es ab, nicht nur alle vier Jahre. Das was wir tun oder lassen hat ganz direkte Auswirkungen auf unsere Umwelt und ist selbstverst\u00e4ndlich ebenso politisch relevant wie eine Bundestagswahl! Mit dem, was wir tagt\u00e4glich tun, haben wir die Macht Dinge zu beeinflussen, zu ver\u00e4ndern! Wir alle sollten uns, bei dem was wir tun, unserer Macht bewu\u00dft sein!<\/p>\n","protected":false},"author":1,"featured_media":0,"comment_status":"open","ping_status":"open","sticky":false,"template":"","format":"standard","meta":{"footnotes":""},"categories":[42,40,51,64],"tags":[],"jetpack_featured_media_url":"","_links":{"self":[{"href":"http:\/\/www.kunstgalerie-barbara.de\/blog\/wp-json\/wp\/v2\/posts\/13180"}],"collection":[{"href":"http:\/\/www.kunstgalerie-barbara.de\/blog\/wp-json\/wp\/v2\/posts"}],"about":[{"href":"http:\/\/www.kunstgalerie-barbara.de\/blog\/wp-json\/wp\/v2\/types\/post"}],"author":[{"embeddable":true,"href":"http:\/\/www.kunstgalerie-barbara.de\/blog\/wp-json\/wp\/v2\/users\/1"}],"replies":[{"embeddable":true,"href":"http:\/\/www.kunstgalerie-barbara.de\/blog\/wp-json\/wp\/v2\/comments?post=13180"}],"version-history":[{"count":1,"href":"http:\/\/www.kunstgalerie-barbara.de\/blog\/wp-json\/wp\/v2\/posts\/13180\/revisions"}],"predecessor-version":[{"id":13187,"href":"http:\/\/www.kunstgalerie-barbara.de\/blog\/wp-json\/wp\/v2\/posts\/13180\/revisions\/13187"}],"wp:attachment":[{"href":"http:\/\/www.kunstgalerie-barbara.de\/blog\/wp-json\/wp\/v2\/media?parent=13180"}],"wp:term":[{"taxonomy":"category","embeddable":true,"href":"http:\/\/www.kunstgalerie-barbara.de\/blog\/wp-json\/wp\/v2\/categories?post=13180"},{"taxonomy":"post_tag","embeddable":true,"href":"http:\/\/www.kunstgalerie-barbara.de\/blog\/wp-json\/wp\/v2\/tags?post=13180"}],"curies":[{"name":"wp","href":"https:\/\/api.w.org\/{rel}","templated":true}]}}