{"id":13198,"date":"2013-10-10T05:45:14","date_gmt":"2013-10-10T03:45:14","guid":{"rendered":"http:\/\/www.kunstgalerie-barbara.de\/blog\/?p=13198"},"modified":"2013-10-10T06:54:54","modified_gmt":"2013-10-10T04:54:54","slug":"hagebuttenkranz-selbstgemacht","status":"publish","type":"post","link":"http:\/\/www.kunstgalerie-barbara.de\/blog\/2013\/10\/hagebuttenkranz-selbstgemacht\/","title":{"rendered":"Hagebuttenkranz selbstgemacht&#8230;."},"content":{"rendered":"<p style=\"text-align: center;\"><a href=\"http:\/\/www.kunstgalerie-barbara.de\/blog\/wp-content\/uploads\/2013\/09\/page1.jpg\"><img loading=\"lazy\" decoding=\"async\" class=\"aligncenter size-full wp-image-13199\" title=\"page\" alt=\"\" src=\"http:\/\/www.kunstgalerie-barbara.de\/blog\/wp-content\/uploads\/2013\/09\/page1.jpg\" width=\"404\" height=\"404\" srcset=\"http:\/\/www.kunstgalerie-barbara.de\/blog\/wp-content\/uploads\/2013\/09\/page1.jpg 404w, http:\/\/www.kunstgalerie-barbara.de\/blog\/wp-content\/uploads\/2013\/09\/page1-150x150.jpg 150w, http:\/\/www.kunstgalerie-barbara.de\/blog\/wp-content\/uploads\/2013\/09\/page1-300x300.jpg 300w\" sizes=\"(max-width: 404px) 100vw, 404px\" \/><\/a>&#8230;ist zwar ein \u00e4u\u00dferst stachliges Unternehmen aber f\u00fcr das Ergebnis, obwohl nicht ganz perfekt, lohnt es sich!!!!!!<\/p>\n<p style=\"text-align: center;\">geht so:<\/p>\n<p style=\"text-align: center;\"><a href=\"http:\/\/www.gartenzauber.com\/ein-kranz-aus-hagebutten\/\">http:\/\/www.gartenzauber.com\/ein-kranz-aus-hagebutten\/<\/a><\/p>\n","protected":false},"excerpt":{"rendered":"<p>&#8230;ist zwar ein \u00e4u\u00dferst stachliges Unternehmen aber f\u00fcr das Ergebnis, obwohl nicht ganz perfekt, lohnt es sich!!!!!! geht so: http:\/\/www.gartenzauber.com\/ein-kranz-aus-hagebutten\/<\/p>\n","protected":false},"author":1,"featured_media":0,"comment_status":"open","ping_status":"open","sticky":false,"template":"","format":"standard","meta":{"footnotes":""},"categories":[52,51],"tags":[],"jetpack_featured_media_url":"","_links":{"self":[{"href":"http:\/\/www.kunstgalerie-barbara.de\/blog\/wp-json\/wp\/v2\/posts\/13198"}],"collection":[{"href":"http:\/\/www.kunstgalerie-barbara.de\/blog\/wp-json\/wp\/v2\/posts"}],"about":[{"href":"http:\/\/www.kunstgalerie-barbara.de\/blog\/wp-json\/wp\/v2\/types\/post"}],"author":[{"embeddable":true,"href":"http:\/\/www.kunstgalerie-barbara.de\/blog\/wp-json\/wp\/v2\/users\/1"}],"replies":[{"embeddable":true,"href":"http:\/\/www.kunstgalerie-barbara.de\/blog\/wp-json\/wp\/v2\/comments?post=13198"}],"version-history":[{"count":1,"href":"http:\/\/www.kunstgalerie-barbara.de\/blog\/wp-json\/wp\/v2\/posts\/13198\/revisions"}],"predecessor-version":[{"id":13310,"href":"http:\/\/www.kunstgalerie-barbara.de\/blog\/wp-json\/wp\/v2\/posts\/13198\/revisions\/13310"}],"wp:attachment":[{"href":"http:\/\/www.kunstgalerie-barbara.de\/blog\/wp-json\/wp\/v2\/media?parent=13198"}],"wp:term":[{"taxonomy":"category","embeddable":true,"href":"http:\/\/www.kunstgalerie-barbara.de\/blog\/wp-json\/wp\/v2\/categories?post=13198"},{"taxonomy":"post_tag","embeddable":true,"href":"http:\/\/www.kunstgalerie-barbara.de\/blog\/wp-json\/wp\/v2\/tags?post=13198"}],"curies":[{"name":"wp","href":"https:\/\/api.w.org\/{rel}","templated":true}]}}