{"id":13341,"date":"2013-10-20T06:37:06","date_gmt":"2013-10-20T04:37:06","guid":{"rendered":"http:\/\/www.kunstgalerie-barbara.de\/blog\/?p=13341"},"modified":"2013-10-20T06:38:04","modified_gmt":"2013-10-20T04:38:04","slug":"der-braune-sumpf-scheint-doch-schon-wesentlich-tiefer-zu-sein-als-befuerchtet","status":"publish","type":"post","link":"http:\/\/www.kunstgalerie-barbara.de\/blog\/2013\/10\/der-braune-sumpf-scheint-doch-schon-wesentlich-tiefer-zu-sein-als-befuerchtet\/","title":{"rendered":"Der &#8221; Braune Sumpf &#8221; scheint doch schon wesentlich tiefer zu sein als bef\u00fcrchtet&#8230;"},"content":{"rendered":"<p>&#8230; wenn die Polizei und Justiz, N\u00f6tigung, Gewaltandrohung und versuchte K\u00f6rperverletzung von Neonazis als Kavaliersdelikt betrachtet und unt\u00e4tig zusieht, wenn Springstiefelbeschuhte meinen, sich mal wieder austoben zu m\u00fcssen!<\/p>\n<p>Spiegelartikel:<\/p>\n<p><a href=\"http:\/\/www.spiegel.de\/panorama\/neonazi-ueberfall-in-hoyerswerda-a-868131.html\"><em><strong>http:\/\/www.spiegel.de\/panorama\/neonazi-ueberfall-in-hoyerswerda-a-868131.html<\/strong><\/em><\/a><\/p>\n","protected":false},"excerpt":{"rendered":"<p>&#8230; wenn die Polizei und Justiz, N\u00f6tigung, Gewaltandrohung und versuchte K\u00f6rperverletzung von Neonazis als Kavaliersdelikt betrachtet und unt\u00e4tig zusieht, wenn Springstiefelbeschuhte meinen, sich mal wieder austoben zu m\u00fcssen! Spiegelartikel: http:\/\/www.spiegel.de\/panorama\/neonazi-ueberfall-in-hoyerswerda-a-868131.html<\/p>\n","protected":false},"author":1,"featured_media":0,"comment_status":"open","ping_status":"open","sticky":false,"template":"","format":"standard","meta":{"footnotes":""},"categories":[42,40],"tags":[],"jetpack_featured_media_url":"","_links":{"self":[{"href":"http:\/\/www.kunstgalerie-barbara.de\/blog\/wp-json\/wp\/v2\/posts\/13341"}],"collection":[{"href":"http:\/\/www.kunstgalerie-barbara.de\/blog\/wp-json\/wp\/v2\/posts"}],"about":[{"href":"http:\/\/www.kunstgalerie-barbara.de\/blog\/wp-json\/wp\/v2\/types\/post"}],"author":[{"embeddable":true,"href":"http:\/\/www.kunstgalerie-barbara.de\/blog\/wp-json\/wp\/v2\/users\/1"}],"replies":[{"embeddable":true,"href":"http:\/\/www.kunstgalerie-barbara.de\/blog\/wp-json\/wp\/v2\/comments?post=13341"}],"version-history":[{"count":1,"href":"http:\/\/www.kunstgalerie-barbara.de\/blog\/wp-json\/wp\/v2\/posts\/13341\/revisions"}],"predecessor-version":[{"id":13345,"href":"http:\/\/www.kunstgalerie-barbara.de\/blog\/wp-json\/wp\/v2\/posts\/13341\/revisions\/13345"}],"wp:attachment":[{"href":"http:\/\/www.kunstgalerie-barbara.de\/blog\/wp-json\/wp\/v2\/media?parent=13341"}],"wp:term":[{"taxonomy":"category","embeddable":true,"href":"http:\/\/www.kunstgalerie-barbara.de\/blog\/wp-json\/wp\/v2\/categories?post=13341"},{"taxonomy":"post_tag","embeddable":true,"href":"http:\/\/www.kunstgalerie-barbara.de\/blog\/wp-json\/wp\/v2\/tags?post=13341"}],"curies":[{"name":"wp","href":"https:\/\/api.w.org\/{rel}","templated":true}]}}