{"id":13349,"date":"2013-10-23T16:06:21","date_gmt":"2013-10-23T14:06:21","guid":{"rendered":"http:\/\/www.kunstgalerie-barbara.de\/blog\/?p=13349"},"modified":"2013-10-23T16:06:21","modified_gmt":"2013-10-23T14:06:21","slug":"die-wahre-energiewende-findet-wie-jede-echte-revolution-nicht-von-oben-sondern-von-unten-statt","status":"publish","type":"post","link":"http:\/\/www.kunstgalerie-barbara.de\/blog\/2013\/10\/die-wahre-energiewende-findet-wie-jede-echte-revolution-nicht-von-oben-sondern-von-unten-statt\/","title":{"rendered":"Die wahre Energiewende findet wie jede echte Revolution nicht von oben sondern von unten statt&#8230; &#8230;"},"content":{"rendered":"<p>&#8230;es sind mitnichten die von oben verordneten Windkraftanlagen, sondern der Strom vom eigenen Dach!<br \/>\nPhotovoltaik: Aus Sonne wird Strom<\/p>\n<div class=\"box_noline\" id=\"c756\">\n<div class=\"csc-textpic csc-textpic-intext-right csc-textpic-border\">\n<div class=\"csc-textpic-imagewrap\">\n<dl class=\"csc-textpic-image csc-textpic-firstcol csc-textpic-lastcol\">\n<dt><img loading=\"lazy\" decoding=\"async\" alt=\"\" src=\"http:\/\/www.solarwirtschaft.de\/typo3temp\/pics\/57de701f37.jpg\" width=\"419\" height=\"253\" \/><\/dt>\n<dd class=\"csc-textpic-caption\" style=\"width: 419px;\">Photovoltaik deckt bereits \u00fcber drei Prozent der Stromversorgung.<br \/>\nFoto AS Solar \/ Tom Baerwald<!--more--><\/dd>\n<\/dl>\n<\/div>\n<div class=\"csc-textpic-text\">\n<p>Solarstrom ist auf dem besten Wege, zu einer tragenden S\u00e4ule der k\u00fcnftigen Energieversorgung zu werden. Bereits 2011 hatte die Photovoltaik einen Anteil von 3 Prozent am deutschen Strommix,\u00a02012 waren es\u00a0schon\u00a04,7 Prozent. In 2013 wird trotz eines abgeschw\u00e4chten Zubautempos ein \u00dcberspringen der 5-Prozent-Marke erwartet.\u00a0Solarstrom nutzen, das k\u00f6nnen auch Sie: Bauen Sie als Eigenheimbesitzer eine eigene Solaranlage und speisen Sie den erzeugten Strom ins \u00f6ffentliche Netz ein &#8211; oder verbrauchen Sie ihn direkt vor Ort! Wer keine geeignete Dachfl\u00e4che zur Verf\u00fcgung hat, kann sich auch an einer der unz\u00e4hligen sogenannten B\u00fcrgersolaranlagen beteiligen oder als Investor den Bau eines gro\u00dfen Solarkraftwerks mitfinanzieren. Dank des Engagements hunderttausender B\u00fcrger wird die Photovoltaik auch zuk\u00fcnftig weiter an Bedeutung gewinnen, dazu tragen nicht zuletzt auch die deutlich fallenden Erzeugungskosten bei. Schon bald wird Solarstrom in den ersten Marktsegmenten wettbewerbsf\u00e4hig sein.<\/p>\n<\/div>\n<\/div>\n<\/div>\n<p>Mehr \u00fcber die\u00a0Nutzung des Sonnenlichts zur risikofreien und umweltfreundlichen Stromerzeugung zum Beispiel auf dem heimischen Hausdach finden\u00a0Sie im Solartechnikberater des BSW-Solar:<\/p>\n","protected":false},"excerpt":{"rendered":"<p>&#8230;es sind mitnichten die von oben verordneten Windkraftanlagen, sondern der Strom vom eigenen Dach! Photovoltaik: Aus Sonne wird Strom Photovoltaik deckt bereits \u00fcber drei Prozent der Stromversorgung. Foto AS Solar \/ Tom Baerwald<\/p>\n","protected":false},"author":1,"featured_media":0,"comment_status":"open","ping_status":"open","sticky":false,"template":"","format":"standard","meta":{"footnotes":""},"categories":[42,40,51,64],"tags":[],"jetpack_featured_media_url":"","_links":{"self":[{"href":"http:\/\/www.kunstgalerie-barbara.de\/blog\/wp-json\/wp\/v2\/posts\/13349"}],"collection":[{"href":"http:\/\/www.kunstgalerie-barbara.de\/blog\/wp-json\/wp\/v2\/posts"}],"about":[{"href":"http:\/\/www.kunstgalerie-barbara.de\/blog\/wp-json\/wp\/v2\/types\/post"}],"author":[{"embeddable":true,"href":"http:\/\/www.kunstgalerie-barbara.de\/blog\/wp-json\/wp\/v2\/users\/1"}],"replies":[{"embeddable":true,"href":"http:\/\/www.kunstgalerie-barbara.de\/blog\/wp-json\/wp\/v2\/comments?post=13349"}],"version-history":[{"count":1,"href":"http:\/\/www.kunstgalerie-barbara.de\/blog\/wp-json\/wp\/v2\/posts\/13349\/revisions"}],"predecessor-version":[{"id":13355,"href":"http:\/\/www.kunstgalerie-barbara.de\/blog\/wp-json\/wp\/v2\/posts\/13349\/revisions\/13355"}],"wp:attachment":[{"href":"http:\/\/www.kunstgalerie-barbara.de\/blog\/wp-json\/wp\/v2\/media?parent=13349"}],"wp:term":[{"taxonomy":"category","embeddable":true,"href":"http:\/\/www.kunstgalerie-barbara.de\/blog\/wp-json\/wp\/v2\/categories?post=13349"},{"taxonomy":"post_tag","embeddable":true,"href":"http:\/\/www.kunstgalerie-barbara.de\/blog\/wp-json\/wp\/v2\/tags?post=13349"}],"curies":[{"name":"wp","href":"https:\/\/api.w.org\/{rel}","templated":true}]}}