{"id":13409,"date":"2013-11-19T08:34:12","date_gmt":"2013-11-19T06:34:12","guid":{"rendered":"http:\/\/www.kunstgalerie-barbara.de\/blog\/?p=13409"},"modified":"2013-11-19T09:02:09","modified_gmt":"2013-11-19T07:02:09","slug":"auch-spitzenkoeche-widmen-sich-immer-mehr-der-ernaehrung-ohne-fleisch","status":"publish","type":"post","link":"http:\/\/www.kunstgalerie-barbara.de\/blog\/2013\/11\/auch-spitzenkoeche-widmen-sich-immer-mehr-der-ernaehrung-ohne-fleisch\/","title":{"rendered":"Auch Spitzenk\u00f6che widmen sich immer mehr der Ern\u00e4hrung ohne Fleisch&#8230;"},"content":{"rendered":"<figure id=\"attachment_13415\" aria-describedby=\"caption-attachment-13415\" style=\"width: 451px\" class=\"wp-caption aligncenter\"><a href=\"http:\/\/www.kunstgalerie-barbara.de\/blog\/wp-content\/uploads\/2013\/11\/048052-002_weltdergemuese3_05.jpg\"><img loading=\"lazy\" decoding=\"async\" class=\" wp-image-13415\" alt=\"048052-002_weltdergemuese3_05\" src=\"http:\/\/www.kunstgalerie-barbara.de\/blog\/wp-content\/uploads\/2013\/11\/048052-002_weltdergemuese3_05.jpg\" width=\"451\" height=\"254\" srcset=\"http:\/\/www.kunstgalerie-barbara.de\/blog\/wp-content\/uploads\/2013\/11\/048052-002_weltdergemuese3_05.jpg 940w, http:\/\/www.kunstgalerie-barbara.de\/blog\/wp-content\/uploads\/2013\/11\/048052-002_weltdergemuese3_05-300x169.jpg 300w\" sizes=\"(max-width: 451px) 100vw, 451px\" \/><\/a><figcaption id=\"caption-attachment-13415\" class=\"wp-caption-text\">\u00a9 Christoph Lerch<\/figcaption><\/figure>\n<p style=\"text-align: center;\">Hoffmanns fabelhafte Welt der Gem\u00fcse in der ARTE Mediathek zu sehen:<\/p>\n<p style=\"text-align: center;\"><a href=\"http:\/\/www.arte.tv\/guide\/de\/048052-002\/hoffmanns-fabelhafte-welt-der-gemuese-3-5#details-videos\" target=\"_blank\">http:\/\/www.arte.tv\/guide\/de\/048052-002\/hoffmanns-fabelhafte-welt-der-gemuese-3-5#details-videos<\/a><\/p>\n<h2 data-target=\"#content-kuchen-abc\"><em><strong>\u201eJAPANISCH REGIONAL\u201c<\/strong><\/em><\/h2>\n<div id=\"content-kuchen-abc\">\n<div>\n<section data-controller=\"details\" data-action=\"description\" data-startup=\"\"><strong>K\u00fcrbisdashi, gegrillter Patisson &amp; Sellerietapenade\u00a0<\/strong><strong>Zutaten f\u00fcr 4 Personen<\/strong><\/p>\n<p><strong>K\u00fcrbisdashi<\/strong><\/p>\n<ul>\n<li>1 Liter \u00a0Gem\u00fcsefond ( siehe K\u00fcchen ABC &#8230; )<\/li>\n<li>\u00bd \u00a0Stange Lauch<\/li>\n<li>\u00bd \u00a0Stk.\u00a0Hokkaidok\u00fcrbis gesch\u00e4lt<\/li>\n<li>\u00bd Kopf Spitzkohl<\/li>\n<li>1 Stk. wei\u00dfer Rettich<\/li>\n<li>80 g gr\u00fcne Algen<\/li>\n<li>Meersalz<\/li>\n<li><!--more--><\/li>\n<\/ul>\n<p><strong>Gegrillter Patisson<\/strong><\/p>\n<ul>\n<li>1 Stk. Patisson<\/li>\n<li>120 ml \u00a0Raps\u00f6l<\/li>\n<li>Meersalz<\/li>\n<\/ul>\n<p><strong>Sellerietapenade<\/strong><\/p>\n<ul>\n<li>\u00bc Stk. Knollensellerie<\/li>\n<li>2 Stk. Stangensellerie<\/li>\n<li>2 Stk. Schalotten gesch\u00e4lt<\/li>\n<li>Bl\u00e4tter vom Knollensellerie<\/li>\n<li>120 g Schafsjoghurt<\/li>\n<li>Honig<\/li>\n<li>Raps\u00f6l<\/li>\n<li>Meersalz<\/li>\n<\/ul>\n<p><strong>Zubereitung<\/strong><\/p>\n<p><strong>K\u00fcrbisdashi<\/strong><\/p>\n<p>Das Gem\u00fcse waschen und putzen. Ein Teil davon in sehr feine Streifen schneiden, so dass vier Suppenschalen zu einem Viertel gef\u00fcllt sind. Den Rest in grobe St\u00fccke zerkleinern und mit dem Gem\u00fcsefond aufkochen. Ca. 20 Minuten ziehen lassen. Die Algen in kleine St\u00fccke zupfen und auf die Suppenschalen verteilen. Den Dashi nun passieren und hei\u00df in die Schalen gie\u00dfen.<\/p>\n<p><strong>Gegrillter Patisson<\/strong><\/p>\n<p>Den Patisson teilen und das Kerngeh\u00e4use entfernen. Je nach Gr\u00f6\u00dfe des Patisson vier oder acht ein Zentimeter dicke Scheiben schneiden. Das Raps\u00f6l auf ca. 47\u00b0C erw\u00e4rmen und die Patisson-Scheiben darin pochieren. Nach etwa 10 Minuten einmal drehen. Diese Arbeitsschritte k\u00f6nnen schon am Vortag vorbereitet werden. Eine Grillpfanne erhitzen und die Scheiben darin sehr hei\u00df grillen. Zuletzt mit etwas Meersalz w\u00fcrzen<br \/>\n<strong>Sellerietapenade<\/strong><\/p>\n<p>Den Knollen- und Stangensellerie sowie die Schalotten in sehr feine W\u00fcrfel schneiden (Brunoise). Die W\u00fcrfel ganz kurz in etwas Raps\u00f6l anschwitzen, sofort wieder aus der Pfanne nehmen und in eine Sch\u00fcssel geben. Einige Selleriebl\u00e4tter fein hacken und zugeben. Den Schafsjoghurt glatt r\u00fchren und mit Honig und Meersalz abschmecken. Beides mit einander vermischen und kalt servieren.<\/p>\n<p>&nbsp;<\/p>\n<p>&#8212;&#8212;&#8212;&#8212;&#8212;&#8212;&#8212;&#8212;&#8212;&#8212;&#8212;&#8212;&#8212;-<br \/>\n<strong>DER GEM\u00dcSEFOND<\/strong><\/p>\n<p><strong>Zutaten in ca. Werten\u00a0<\/strong><\/p>\n<ul>\n<li>400 g Zwiebeln<\/li>\n<li>600 g Lauch<\/li>\n<li>150 g Stangen Sellerie<\/li>\n<li>150 g Knollen Sellerie<\/li>\n<li>200 g Fenchel<\/li>\n<li>200 g Karotten<\/li>\n<li>200 g K\u00fcrbis ( Hokkaido )<\/li>\n<li>100 g Ingwer<\/li>\n<li>200 g Spitzkohl<\/li>\n<li>200 g Tomate<\/li>\n<li>oder sonstiges saisonales Gem\u00fcse<\/li>\n<li>6 Liter \u00a0Wasser<\/li>\n<li>etwas \u00a0Oliven\u00f6l<\/li>\n<\/ul>\n<p><strong>\u00a0Aromaten \u00a0\u00a0<\/strong><\/p>\n<ul>\n<li>4 Zweige Estragon<\/li>\n<li>4 Zweige Basilikum<\/li>\n<li>5 Stk. Nelken<\/li>\n<li>30 g grobes Meersalz<\/li>\n<\/ul>\n<p>&nbsp;<\/p>\n<p><strong>Zubereitung<\/strong><\/p>\n<p>Das Gem\u00fcse sch\u00e4len und in grobe St\u00fccke von ca. 3 cm Kantenl\u00e4nge schneiden.<br \/>\nF\u00fcr die gleichm\u00e4\u00dfige Garung ist es vorteilhaft, wenn das Gem\u00fcse in etwa gleicher Gr\u00f6\u00dfe geschnitten wird.<\/p>\n<p>Das Oliven\u00f6l erhitzen. Das Gem\u00fcse darin langsam bei schwacher Hitze anschwitzen und etwas zusammenfallen lassen. Anschlie\u00dfend es mit Wasser aufgie\u00dfen,einmal aufkochen lassen und das Meersalz sowie die Aromaten zugeben.<\/p>\n<p>Den Fond ca. 2 Stunden langsam k\u00f6cheln lassen und dabei immer wieder mit einem Holzl\u00f6ffel kr\u00e4ftig umr\u00fchren.<br \/>\nDen Fond durch einen Durchschlag passieren bis das gesamte Gem\u00fcse im Durchschlag zur\u00fcck bleibt.<br \/>\nAnschlie\u00dfend durch ein Spitzsieb passieren und die verbleibende Fl\u00fcssigkeit auf die gew\u00fcnschte Konsistenz und Geschmack einkochen lassen.<\/p>\n<p>Um sicher zu gehen, dass keinerlei R\u00fcckst\u00e4nde in der Fl\u00fcssigkeit zur\u00fcckbleiben, kann der Fond noch einmal durch ein Teesieb gegossen werden.<\/p>\n<p>Zum Aufbewahren eignet sich ein Glas mit einem Schraubverschluss. Den hei\u00dfen Fond in das Glas gie\u00dfen und sofort verschlie\u00dfen.<\/p>\n<\/section>\n<\/div>\n<\/div>\n","protected":false},"excerpt":{"rendered":"<p>Hoffmanns fabelhafte Welt der Gem\u00fcse in der ARTE Mediathek zu sehen: http:\/\/www.arte.tv\/guide\/de\/048052-002\/hoffmanns-fabelhafte-welt-der-gemuese-3-5#details-videos \u201eJAPANISCH REGIONAL\u201c K\u00fcrbisdashi, gegrillter Patisson &amp; Sellerietapenade\u00a0Zutaten f\u00fcr 4 Personen K\u00fcrbisdashi 1 Liter \u00a0Gem\u00fcsefond ( siehe K\u00fcchen ABC &#8230; ) \u00bd \u00a0Stange Lauch \u00bd \u00a0Stk.\u00a0Hokkaidok\u00fcrbis gesch\u00e4lt \u00bd Kopf Spitzkohl 1 Stk. wei\u00dfer Rettich 80 g gr\u00fcne Algen Meersalz<\/p>\n","protected":false},"author":1,"featured_media":0,"comment_status":"open","ping_status":"open","sticky":false,"template":"","format":"standard","meta":{"footnotes":""},"categories":[22,27,51,64],"tags":[],"jetpack_featured_media_url":"","_links":{"self":[{"href":"http:\/\/www.kunstgalerie-barbara.de\/blog\/wp-json\/wp\/v2\/posts\/13409"}],"collection":[{"href":"http:\/\/www.kunstgalerie-barbara.de\/blog\/wp-json\/wp\/v2\/posts"}],"about":[{"href":"http:\/\/www.kunstgalerie-barbara.de\/blog\/wp-json\/wp\/v2\/types\/post"}],"author":[{"embeddable":true,"href":"http:\/\/www.kunstgalerie-barbara.de\/blog\/wp-json\/wp\/v2\/users\/1"}],"replies":[{"embeddable":true,"href":"http:\/\/www.kunstgalerie-barbara.de\/blog\/wp-json\/wp\/v2\/comments?post=13409"}],"version-history":[{"count":1,"href":"http:\/\/www.kunstgalerie-barbara.de\/blog\/wp-json\/wp\/v2\/posts\/13409\/revisions"}],"predecessor-version":[{"id":13418,"href":"http:\/\/www.kunstgalerie-barbara.de\/blog\/wp-json\/wp\/v2\/posts\/13409\/revisions\/13418"}],"wp:attachment":[{"href":"http:\/\/www.kunstgalerie-barbara.de\/blog\/wp-json\/wp\/v2\/media?parent=13409"}],"wp:term":[{"taxonomy":"category","embeddable":true,"href":"http:\/\/www.kunstgalerie-barbara.de\/blog\/wp-json\/wp\/v2\/categories?post=13409"},{"taxonomy":"post_tag","embeddable":true,"href":"http:\/\/www.kunstgalerie-barbara.de\/blog\/wp-json\/wp\/v2\/tags?post=13409"}],"curies":[{"name":"wp","href":"https:\/\/api.w.org\/{rel}","templated":true}]}}