{"id":13419,"date":"2013-11-29T10:47:32","date_gmt":"2013-11-29T08:47:32","guid":{"rendered":"http:\/\/www.kunstgalerie-barbara.de\/blog\/?p=13419"},"modified":"2013-11-30T08:30:26","modified_gmt":"2013-11-30T06:30:26","slug":"diese-art-kleinbordelle-genannt-liebesmobile-saeumen-seit-einiger-zeit-die-landstrassen-niedersachsens","status":"publish","type":"post","link":"http:\/\/www.kunstgalerie-barbara.de\/blog\/2013\/11\/diese-art-kleinbordelle-genannt-liebesmobile-saeumen-seit-einiger-zeit-die-landstrassen-niedersachsens\/","title":{"rendered":"Diese Art Kleinbordelle, genannt Liebesmobile, s\u00e4umen seit einiger Zeit die Landstra\u00dfen Niedersachsens&#8230;"},"content":{"rendered":"<p><a href=\"http:\/\/www.kunstgalerie-barbara.de\/blog\/wp-content\/uploads\/2013\/11\/P1350577-Kopie.jpg\"><img loading=\"lazy\" decoding=\"async\" class=\"aligncenter size-full wp-image-13420\" alt=\"P1350577 Kopie\" src=\"http:\/\/www.kunstgalerie-barbara.de\/blog\/wp-content\/uploads\/2013\/11\/P1350577-Kopie.jpg\" width=\"423\" height=\"282\" srcset=\"http:\/\/www.kunstgalerie-barbara.de\/blog\/wp-content\/uploads\/2013\/11\/P1350577-Kopie.jpg 423w, http:\/\/www.kunstgalerie-barbara.de\/blog\/wp-content\/uploads\/2013\/11\/P1350577-Kopie-300x200.jpg 300w\" sizes=\"(max-width: 423px) 100vw, 423px\" \/><\/a>&#8230;besser gesagt, sie stehen in den Eing\u00e4ngen zu Naherholungsgebieten, noch besser, sie blockieren unter anderem die Parkpl\u00e4tze in den W\u00e4ldern Niedersachsens! Es sind derer nicht ein oder zwei, nein es sind Dutzende. Wer, au\u00dfer Spannern m\u00f6chte schon gerne Zeuge dieser besonderen Besuche sein. Und obwohl die Bev\u00f6lkerung sich schon mehrfach \u00fcber diese Ausweitung des Stra\u00dfenstrichs beschwert hat, halten sich die Beh\u00f6rden bedeckt.<!--more--><br \/>\nZu verdanken haben wir derlei einem Prostitutionsgesetz, welches seit Anfang des neuen Jahrtausends in Kraft ist\u00a0 und die Situation der Prostituierten verbessern sollte.\u00a0 Ein rasantes illegales Einschleusen von Frauen und M\u00e4dchen aus dem Osten setzte ein , denn f\u00fcr die, die dieses Gesch\u00e4ft sehr Erfolgreich betreiben, ist Deutschland inzwischen das Paradies schlechthin!<br \/>\nNicht die Situation der Huren hat sich gebessert,\u00a0 sondern die der Zuh\u00e4lter und Bordellbetreiber und Menschenh\u00e4ndler. Den Frauen geht&#8217;s noch genauso mies, wie zuvor, sie werden zum Anschaffen gezwungen und das mit allen erdenklichen Mitteln. \u00dcbrigens unter anderem auch dazu, ihren K\u00f6rper und ihre Seele\u00a0 in unbewachten einsamen Waldwegen an den ersten besten vorbeifahrenden Freier zu verschachern!<\/p>\n<h2><a href=\"http:\/\/mediathek.daserste.de\/sendungen_a-z\/311210_menschen-bei-maischberger\/18330502_schluss-mit-kaeuflichem-sex-kann-man\">http:\/\/mediathek.daserste.de\/sendungen_a-z\/311210_menschen-bei-maischberger\/18330502_schluss-mit-kaeuflichem-sex-kann-man<\/a><\/h2>\n","protected":false},"excerpt":{"rendered":"<p>&#8230;besser gesagt, sie stehen in den Eing\u00e4ngen zu Naherholungsgebieten, noch besser, sie blockieren unter anderem die Parkpl\u00e4tze in den W\u00e4ldern Niedersachsens! Es sind derer nicht ein oder zwei, nein es sind Dutzende. Wer, au\u00dfer Spannern m\u00f6chte schon gerne Zeuge dieser besonderen Besuche sein. Und obwohl die Bev\u00f6lkerung sich schon mehrfach \u00fcber diese Ausweitung des Stra\u00dfenstrichs beschwert hat, halten sich die Beh\u00f6rden bedeckt.<\/p>\n","protected":false},"author":1,"featured_media":0,"comment_status":"open","ping_status":"open","sticky":false,"template":"","format":"standard","meta":{"footnotes":""},"categories":[42,40],"tags":[],"jetpack_featured_media_url":"","_links":{"self":[{"href":"http:\/\/www.kunstgalerie-barbara.de\/blog\/wp-json\/wp\/v2\/posts\/13419"}],"collection":[{"href":"http:\/\/www.kunstgalerie-barbara.de\/blog\/wp-json\/wp\/v2\/posts"}],"about":[{"href":"http:\/\/www.kunstgalerie-barbara.de\/blog\/wp-json\/wp\/v2\/types\/post"}],"author":[{"embeddable":true,"href":"http:\/\/www.kunstgalerie-barbara.de\/blog\/wp-json\/wp\/v2\/users\/1"}],"replies":[{"embeddable":true,"href":"http:\/\/www.kunstgalerie-barbara.de\/blog\/wp-json\/wp\/v2\/comments?post=13419"}],"version-history":[{"count":1,"href":"http:\/\/www.kunstgalerie-barbara.de\/blog\/wp-json\/wp\/v2\/posts\/13419\/revisions"}],"predecessor-version":[{"id":13429,"href":"http:\/\/www.kunstgalerie-barbara.de\/blog\/wp-json\/wp\/v2\/posts\/13419\/revisions\/13429"}],"wp:attachment":[{"href":"http:\/\/www.kunstgalerie-barbara.de\/blog\/wp-json\/wp\/v2\/media?parent=13419"}],"wp:term":[{"taxonomy":"category","embeddable":true,"href":"http:\/\/www.kunstgalerie-barbara.de\/blog\/wp-json\/wp\/v2\/categories?post=13419"},{"taxonomy":"post_tag","embeddable":true,"href":"http:\/\/www.kunstgalerie-barbara.de\/blog\/wp-json\/wp\/v2\/tags?post=13419"}],"curies":[{"name":"wp","href":"https:\/\/api.w.org\/{rel}","templated":true}]}}