{"id":13530,"date":"2013-12-30T09:47:55","date_gmt":"2013-12-30T07:47:55","guid":{"rendered":"http:\/\/www.kunstgalerie-barbara.de\/blog\/?p=13530"},"modified":"2013-12-30T09:47:55","modified_gmt":"2013-12-30T07:47:55","slug":"wir-muessen-handeln-alle-und-jetzt","status":"publish","type":"post","link":"http:\/\/www.kunstgalerie-barbara.de\/blog\/2013\/12\/wir-muessen-handeln-alle-und-jetzt\/","title":{"rendered":"Wir m\u00fcssen handeln, ALLE und jetzt&#8230;"},"content":{"rendered":"<p><a class=\"_5pb8\" id=\"js_8\" href=\"https:\/\/www.facebook.com\/Netzfrauen\" data-ft=\"{&quot;tn&quot;:&quot;\\u003C&quot;}\" data-hovercard=\"\/ajax\/hovercard\/page.php?id=570444646301856\"><img decoding=\"async\" class=\"_s0 _5xib _rw img\" alt=\"\" src=\"https:\/\/fbcdn-profile-a.akamaihd.net\/hprofile-ak-frc3\/373312_570444646301856_1381064865_q.jpg\" \/><\/a><\/p>\n<div class=\"fwn fcg\"><span class=\"fwb fcg\" data-ft=\"{&quot;tn&quot;:&quot;k&quot;}\"><a href=\"https:\/\/www.facebook.com\/Netzfrauen\" data-hovercard=\"\/ajax\/hovercard\/page.php?id=570444646301856\">Netzfrauen<\/a><\/span><\/div>\n<p>Es n\u00fctzt nicht mehr, entsetzt zu lesen, was auf der <a class=\"_58cn\" href=\"https:\/\/www.facebook.com\/hashtag\/welt?source=feed_text\" data-ft=\"{&quot;tn&quot;:&quot;*N&quot;,&quot;type&quot;:104}\"><span class=\"_58cl\">\u202a#\u200e<\/span><span class=\"_58cm\">Welt\u202c<\/span><\/a> alles Schlimmes passiert.<br \/>\nWir m\u00fcssen handeln, ALLE und jetzt!!!<br \/>\nEgal, wie klein und unwichtig<br \/>\neuch eure Taten auch erscheinen m\u00f6gen, summiert ergeben sie eine Bewegung zum Guten.<br \/>\nDarum lasst uns endlich aufh\u00f6ren zu Jammern, lasst uns etwas tun!!!<span class=\"text_exposed_show\"><br \/>\nKonsumiert nicht mehr blind, lasst den Konzernkram in den Regalen liegen, kauft regional, schr\u00e4nkt euren Konsum ein, schmeisst den Fernseher weg, lernt, wieder Zusammenhalt untereinander zu leben. Zusammenhalt und Menschlichkeit machen gl\u00fccklich und gl\u00fcckliche Menschen kaufen nicht.<br \/>\nF\u00fcr Diejenigen, die es noch nicht tun: Ein Vorsatz f\u00fcrs neue Jahr? F\u00fcr alle anderen, danke und weiter so, wir erreichen nur gemeinsam was!!!<br \/>\n<a class=\"_58cn\" href=\"https:\/\/www.facebook.com\/hashtag\/netzfrauen?source=feed_text\" data-ft=\"{&quot;tn&quot;:&quot;*N&quot;,&quot;type&quot;:104}\"><span class=\"_58cl\">\u202a#\u200e<\/span><span class=\"_58cm\">Netzfrauen\u202c<\/span><\/a><\/span><\/p>\n","protected":false},"excerpt":{"rendered":"<p>Netzfrauen Es n\u00fctzt nicht mehr, entsetzt zu lesen, was auf der \u202a#\u200eWelt\u202c alles Schlimmes passiert. Wir m\u00fcssen handeln, ALLE und jetzt!!! Egal, wie klein und unwichtig euch eure Taten auch erscheinen m\u00f6gen, summiert ergeben sie eine Bewegung zum Guten. Darum lasst uns endlich aufh\u00f6ren zu Jammern, lasst uns etwas tun!!! Konsumiert nicht mehr blind, lasst den Konzernkram in den Regalen liegen, kauft regional, schr\u00e4nkt euren Konsum ein, schmeisst den Fernseher weg, lernt, wieder Zusammenhalt untereinander zu leben. Zusammenhalt und Menschlichkeit machen gl\u00fccklich und gl\u00fcckliche Menschen kaufen nicht. F\u00fcr Diejenigen, die es noch nicht tun: Ein Vorsatz f\u00fcrs neue Jahr? F\u00fcr alle anderen, danke und weiter so, wir erreichen nur gemeinsam was!!! \u202a#\u200eNetzfrauen\u202c<\/p>\n","protected":false},"author":1,"featured_media":0,"comment_status":"open","ping_status":"open","sticky":false,"template":"","format":"standard","meta":{"footnotes":""},"categories":[42,40,51,64],"tags":[],"jetpack_featured_media_url":"","_links":{"self":[{"href":"http:\/\/www.kunstgalerie-barbara.de\/blog\/wp-json\/wp\/v2\/posts\/13530"}],"collection":[{"href":"http:\/\/www.kunstgalerie-barbara.de\/blog\/wp-json\/wp\/v2\/posts"}],"about":[{"href":"http:\/\/www.kunstgalerie-barbara.de\/blog\/wp-json\/wp\/v2\/types\/post"}],"author":[{"embeddable":true,"href":"http:\/\/www.kunstgalerie-barbara.de\/blog\/wp-json\/wp\/v2\/users\/1"}],"replies":[{"embeddable":true,"href":"http:\/\/www.kunstgalerie-barbara.de\/blog\/wp-json\/wp\/v2\/comments?post=13530"}],"version-history":[{"count":1,"href":"http:\/\/www.kunstgalerie-barbara.de\/blog\/wp-json\/wp\/v2\/posts\/13530\/revisions"}],"predecessor-version":[{"id":13531,"href":"http:\/\/www.kunstgalerie-barbara.de\/blog\/wp-json\/wp\/v2\/posts\/13530\/revisions\/13531"}],"wp:attachment":[{"href":"http:\/\/www.kunstgalerie-barbara.de\/blog\/wp-json\/wp\/v2\/media?parent=13530"}],"wp:term":[{"taxonomy":"category","embeddable":true,"href":"http:\/\/www.kunstgalerie-barbara.de\/blog\/wp-json\/wp\/v2\/categories?post=13530"},{"taxonomy":"post_tag","embeddable":true,"href":"http:\/\/www.kunstgalerie-barbara.de\/blog\/wp-json\/wp\/v2\/tags?post=13530"}],"curies":[{"name":"wp","href":"https:\/\/api.w.org\/{rel}","templated":true}]}}