{"id":13550,"date":"2014-01-03T11:12:42","date_gmt":"2014-01-03T09:12:42","guid":{"rendered":"http:\/\/www.kunstgalerie-barbara.de\/blog\/?p=13550"},"modified":"2014-01-03T11:12:42","modified_gmt":"2014-01-03T09:12:42","slug":"lasst-uns-etwas-tun-statt-nur-zu-reden-jeder-einzelne-kann-sich-beispielsweise-genau-ueberlegen-was-er-konsumiert-anstatt-einfach-drauflos-zu-kaufen-das-wuerde-schon-so-einiges-anders-laufen-lass","status":"publish","type":"post","link":"http:\/\/www.kunstgalerie-barbara.de\/blog\/2014\/01\/lasst-uns-etwas-tun-statt-nur-zu-reden-jeder-einzelne-kann-sich-beispielsweise-genau-ueberlegen-was-er-konsumiert-anstatt-einfach-drauflos-zu-kaufen-das-wuerde-schon-so-einiges-anders-laufen-lass\/","title":{"rendered":"La\u00dft uns etwas tun, statt nur zu reden! Jeder Einzelne kann sich beispielsweise genau \u00fcberlegen, was er konsumiert, anstatt einfach drauflos zu kaufen, das w\u00fcrde schon so einiges anders laufen lassen! Wir alle haben die Macht etwas zu \u00e4ndern."},"content":{"rendered":"","protected":false},"excerpt":{"rendered":"","protected":false},"author":1,"featured_media":0,"comment_status":"open","ping_status":"open","sticky":false,"template":"","format":"standard","meta":{"footnotes":""},"categories":[42,40,51,64],"tags":[],"jetpack_featured_media_url":"","_links":{"self":[{"href":"http:\/\/www.kunstgalerie-barbara.de\/blog\/wp-json\/wp\/v2\/posts\/13550"}],"collection":[{"href":"http:\/\/www.kunstgalerie-barbara.de\/blog\/wp-json\/wp\/v2\/posts"}],"about":[{"href":"http:\/\/www.kunstgalerie-barbara.de\/blog\/wp-json\/wp\/v2\/types\/post"}],"author":[{"embeddable":true,"href":"http:\/\/www.kunstgalerie-barbara.de\/blog\/wp-json\/wp\/v2\/users\/1"}],"replies":[{"embeddable":true,"href":"http:\/\/www.kunstgalerie-barbara.de\/blog\/wp-json\/wp\/v2\/comments?post=13550"}],"version-history":[{"count":1,"href":"http:\/\/www.kunstgalerie-barbara.de\/blog\/wp-json\/wp\/v2\/posts\/13550\/revisions"}],"predecessor-version":[{"id":13553,"href":"http:\/\/www.kunstgalerie-barbara.de\/blog\/wp-json\/wp\/v2\/posts\/13550\/revisions\/13553"}],"wp:attachment":[{"href":"http:\/\/www.kunstgalerie-barbara.de\/blog\/wp-json\/wp\/v2\/media?parent=13550"}],"wp:term":[{"taxonomy":"category","embeddable":true,"href":"http:\/\/www.kunstgalerie-barbara.de\/blog\/wp-json\/wp\/v2\/categories?post=13550"},{"taxonomy":"post_tag","embeddable":true,"href":"http:\/\/www.kunstgalerie-barbara.de\/blog\/wp-json\/wp\/v2\/tags?post=13550"}],"curies":[{"name":"wp","href":"https:\/\/api.w.org\/{rel}","templated":true}]}}