{"id":13561,"date":"2014-01-10T08:40:26","date_gmt":"2014-01-10T06:40:26","guid":{"rendered":"http:\/\/www.kunstgalerie-barbara.de\/blog\/?p=13561"},"modified":"2023-06-12T07:21:23","modified_gmt":"2023-06-12T05:21:23","slug":"jaeger-toeten-oder-verletzen-jedes-jahr-dutzende-menschen","status":"publish","type":"post","link":"http:\/\/www.kunstgalerie-barbara.de\/blog\/2014\/01\/jaeger-toeten-oder-verletzen-jedes-jahr-dutzende-menschen\/","title":{"rendered":"J\u00e4ger t\u00f6ten oder verletzen jedes Jahr Dutzende Menschen"},"content":{"rendered":"<p><strong>\u00a0<\/strong><\/p>\n<p class=\"stand\"><b>Stand: Dezember 2013<\/b><\/p>\n<p>Trotz verpflichtender \u201eJagdausbildung\u201c werden in Deutschland jedes Jahr mehrere Dutzend Menschen durch J\u00e4ger get\u00f6tet oder verletzt. Diese traurige Bilanz ist ein Beleg daf\u00fcr, dass J\u00e4ger im Wald auf alles und jeden schie\u00dfen, der nicht schnell genug weglaufen kann.<\/p>\n<div class=\"clear-block\">\n<div class=\"floatR spacing-default-left\" style=\"width: 260px;\">\n<p><img loading=\"lazy\" decoding=\"async\" class=\"PicBorder\" title=\"Lust am T\u00f6ten: 450.000 F\u00fcchse wurden im Jagdjahr 2011\/2012 in Deutschland grundlos erschossen \u00a9 Sandro und Bianka Pelli \/ www.schonzeit-fuer-fuechse.de\" src=\"http:\/\/www.peta.de\/img\/mdb\/Fuchsjagd-02-c-Sandro-und-Bianka-Pelli-www.schonzeit-fuer-fuechse.de-250px.jpg\" alt=\"Lust am T\u00f6ten: 450.000 F\u00fcchse wurden im Jagdjahr 2011\/2012 in Deutschland grundlos erschossen \u00a9 Sandro und Bianka Pelli \/ www.schonzeit-fuer-fuechse.de\" width=\"250\" height=\"188\" border=\"0\" \/><\/p>\n<\/div>\n<p>Neben den menschlichen Opfern dieser ungez\u00fcgelten Schie\u00dfwut sind vor allem Tiere die Leidtragenden: Mindestens 5 Millionen Waldbewohner wie Rehe, F\u00fcchse oder Wildschweine sowie mehrere Hunderttausend Katzen und Hunde werden jedes Jahr erschossen. Viele der Tiere sterben einen schmerzvollen Tod, weil sie durch J\u00e4ger \u2013 oft unter Alkoholeinfluss stehend \u2013 schwere Schussverletzungen erleiden, aber noch fliehen k\u00f6nnen. Ihr Todeskampf kann Tage andauern. Bitte informieren Sie sich auf <a class=\"link websnapr\" href=\"http:\/\/www.PETA.de\/Jagd\" target=\"_blank\" rel=\"noopener\">PETA.de\/Jagd<\/a>, warum die Jagd sinnlos ist und verboten werden muss.<\/p>\n<\/div>\n","protected":false},"excerpt":{"rendered":"<p>\u00a0 Stand: Dezember 2013 Trotz verpflichtender \u201eJagdausbildung\u201c werden in Deutschland jedes Jahr mehrere Dutzend Menschen durch J\u00e4ger get\u00f6tet oder verletzt. Diese traurige Bilanz ist ein Beleg daf\u00fcr, dass J\u00e4ger im Wald auf alles und jeden schie\u00dfen, der nicht schnell genug weglaufen kann. Neben den menschlichen Opfern dieser ungez\u00fcgelten Schie\u00dfwut sind vor allem Tiere die Leidtragenden: Mindestens 5 Millionen Waldbewohner wie Rehe, F\u00fcchse oder Wildschweine sowie mehrere Hunderttausend Katzen und Hunde werden jedes Jahr erschossen. Viele der Tiere sterben einen schmerzvollen Tod, weil sie durch J\u00e4ger \u2013 oft unter Alkoholeinfluss stehend \u2013 schwere Schussverletzungen erleiden, aber noch fliehen k\u00f6nnen. Ihr Todeskampf kann Tage andauern. Bitte informieren Sie sich auf PETA.de\/Jagd, warum die Jagd sinnlos ist und verboten werden muss.<\/p>\n","protected":false},"author":1,"featured_media":0,"comment_status":"open","ping_status":"open","sticky":false,"template":"","format":"standard","meta":{"footnotes":""},"categories":[22,42,51,64],"tags":[],"jetpack_featured_media_url":"","_links":{"self":[{"href":"http:\/\/www.kunstgalerie-barbara.de\/blog\/wp-json\/wp\/v2\/posts\/13561"}],"collection":[{"href":"http:\/\/www.kunstgalerie-barbara.de\/blog\/wp-json\/wp\/v2\/posts"}],"about":[{"href":"http:\/\/www.kunstgalerie-barbara.de\/blog\/wp-json\/wp\/v2\/types\/post"}],"author":[{"embeddable":true,"href":"http:\/\/www.kunstgalerie-barbara.de\/blog\/wp-json\/wp\/v2\/users\/1"}],"replies":[{"embeddable":true,"href":"http:\/\/www.kunstgalerie-barbara.de\/blog\/wp-json\/wp\/v2\/comments?post=13561"}],"version-history":[{"count":2,"href":"http:\/\/www.kunstgalerie-barbara.de\/blog\/wp-json\/wp\/v2\/posts\/13561\/revisions"}],"predecessor-version":[{"id":23598,"href":"http:\/\/www.kunstgalerie-barbara.de\/blog\/wp-json\/wp\/v2\/posts\/13561\/revisions\/23598"}],"wp:attachment":[{"href":"http:\/\/www.kunstgalerie-barbara.de\/blog\/wp-json\/wp\/v2\/media?parent=13561"}],"wp:term":[{"taxonomy":"category","embeddable":true,"href":"http:\/\/www.kunstgalerie-barbara.de\/blog\/wp-json\/wp\/v2\/categories?post=13561"},{"taxonomy":"post_tag","embeddable":true,"href":"http:\/\/www.kunstgalerie-barbara.de\/blog\/wp-json\/wp\/v2\/tags?post=13561"}],"curies":[{"name":"wp","href":"https:\/\/api.w.org\/{rel}","templated":true}]}}