{"id":13589,"date":"2014-01-15T09:07:49","date_gmt":"2014-01-15T07:07:49","guid":{"rendered":"http:\/\/www.kunstgalerie-barbara.de\/blog\/?p=13589"},"modified":"2014-01-15T19:23:10","modified_gmt":"2014-01-15T17:23:10","slug":"baeume-in-der-stadt-haben-einen-schweren-stand","status":"publish","type":"post","link":"http:\/\/www.kunstgalerie-barbara.de\/blog\/2014\/01\/baeume-in-der-stadt-haben-einen-schweren-stand\/","title":{"rendered":"B\u00e4ume in der Stadt haben einen schweren Stand&#8230;"},"content":{"rendered":"<p><a href=\"http:\/\/www.kunstgalerie-barbara.de\/blog\/wp-content\/uploads\/2014\/01\/P1410385-Kopie.jpg\"><img loading=\"lazy\" decoding=\"async\" class=\"aligncenter size-full wp-image-13591\" alt=\"P1410385 Kopie\" src=\"http:\/\/www.kunstgalerie-barbara.de\/blog\/wp-content\/uploads\/2014\/01\/P1410385-Kopie.jpg\" width=\"490\" height=\"239\" srcset=\"http:\/\/www.kunstgalerie-barbara.de\/blog\/wp-content\/uploads\/2014\/01\/P1410385-Kopie.jpg 490w, http:\/\/www.kunstgalerie-barbara.de\/blog\/wp-content\/uploads\/2014\/01\/P1410385-Kopie-300x146.jpg 300w\" sizes=\"(max-width: 490px) 100vw, 490px\" \/><\/a>&#8230;. Man mag man sie anscheinend nicht zu dicht auf der Pelle! Sie verschatten, sie lassen \u00c4ste auf Autos krachen im Sturm, sie verusachen im Herbst gigantische Mengen\u00a0 an Laub, das zusammengefegt und abtransportiert werden mu\u00df. B\u00e4ume sind nicht pflegeleicht, jedenfalls Laubb\u00e4ume nicht. Im Park sind sie ok und normal, was w\u00e4re schon ein Park ohne Laubb\u00e4ume, aber selbst daf\u00fcr verantwortlich sein, will kaum jemand. Dabei ist allen im Grunde klar, wir brauchen sie, und so viele wie nur m\u00f6glich. Sie sind unser Lebenselixier, versorgen uns mit Sauerstoff,\u00a0 sind Labsal f\u00fcr die Seele! Was w\u00e4re ein Leben ohne sie?<\/p>\n<p>http:\/\/www.schrotundkorn.de\/2014\/201401k01.php<\/p>\n","protected":false},"excerpt":{"rendered":"<p>&#8230;. Man mag man sie anscheinend nicht zu dicht auf der Pelle! Sie verschatten, sie lassen \u00c4ste auf Autos krachen im Sturm, sie verusachen im Herbst gigantische Mengen\u00a0 an Laub, das zusammengefegt und abtransportiert werden mu\u00df. B\u00e4ume sind nicht pflegeleicht, jedenfalls Laubb\u00e4ume nicht. Im Park sind sie ok und normal, was w\u00e4re schon ein Park ohne Laubb\u00e4ume, aber selbst daf\u00fcr verantwortlich sein, will kaum jemand. Dabei ist allen im Grunde klar, wir brauchen sie, und so viele wie nur m\u00f6glich. Sie sind unser Lebenselixier, versorgen uns mit Sauerstoff,\u00a0 sind Labsal f\u00fcr die Seele! Was w\u00e4re ein Leben ohne sie? http:\/\/www.schrotundkorn.de\/2014\/201401k01.php<\/p>\n","protected":false},"author":1,"featured_media":0,"comment_status":"open","ping_status":"open","sticky":false,"template":"","format":"standard","meta":{"footnotes":""},"categories":[26,42,51,64],"tags":[],"jetpack_featured_media_url":"","_links":{"self":[{"href":"http:\/\/www.kunstgalerie-barbara.de\/blog\/wp-json\/wp\/v2\/posts\/13589"}],"collection":[{"href":"http:\/\/www.kunstgalerie-barbara.de\/blog\/wp-json\/wp\/v2\/posts"}],"about":[{"href":"http:\/\/www.kunstgalerie-barbara.de\/blog\/wp-json\/wp\/v2\/types\/post"}],"author":[{"embeddable":true,"href":"http:\/\/www.kunstgalerie-barbara.de\/blog\/wp-json\/wp\/v2\/users\/1"}],"replies":[{"embeddable":true,"href":"http:\/\/www.kunstgalerie-barbara.de\/blog\/wp-json\/wp\/v2\/comments?post=13589"}],"version-history":[{"count":1,"href":"http:\/\/www.kunstgalerie-barbara.de\/blog\/wp-json\/wp\/v2\/posts\/13589\/revisions"}],"predecessor-version":[{"id":13600,"href":"http:\/\/www.kunstgalerie-barbara.de\/blog\/wp-json\/wp\/v2\/posts\/13589\/revisions\/13600"}],"wp:attachment":[{"href":"http:\/\/www.kunstgalerie-barbara.de\/blog\/wp-json\/wp\/v2\/media?parent=13589"}],"wp:term":[{"taxonomy":"category","embeddable":true,"href":"http:\/\/www.kunstgalerie-barbara.de\/blog\/wp-json\/wp\/v2\/categories?post=13589"},{"taxonomy":"post_tag","embeddable":true,"href":"http:\/\/www.kunstgalerie-barbara.de\/blog\/wp-json\/wp\/v2\/tags?post=13589"}],"curies":[{"name":"wp","href":"https:\/\/api.w.org\/{rel}","templated":true}]}}