{"id":13618,"date":"2014-01-20T14:49:00","date_gmt":"2014-01-20T12:49:00","guid":{"rendered":"http:\/\/www.kunstgalerie-barbara.de\/blog\/?p=13618"},"modified":"2014-01-20T14:54:15","modified_gmt":"2014-01-20T12:54:15","slug":"risotto-und-kokosjoghurt-mit-fruchtsalat","status":"publish","type":"post","link":"http:\/\/www.kunstgalerie-barbara.de\/blog\/2014\/01\/risotto-und-kokosjoghurt-mit-fruchtsalat\/","title":{"rendered":"Risotto und Kokosjoghurt mit Mangosalat"},"content":{"rendered":"<p style=\"text-align: center;\"><a href=\"http:\/\/www.kunstgalerie-barbara.de\/blog\/wp-content\/uploads\/2014\/01\/page.jpg\"><img loading=\"lazy\" decoding=\"async\" class=\"aligncenter size-full wp-image-13619\" alt=\"page\" src=\"http:\/\/www.kunstgalerie-barbara.de\/blog\/wp-content\/uploads\/2014\/01\/page.jpg\" width=\"404\" height=\"404\" srcset=\"http:\/\/www.kunstgalerie-barbara.de\/blog\/wp-content\/uploads\/2014\/01\/page.jpg 404w, http:\/\/www.kunstgalerie-barbara.de\/blog\/wp-content\/uploads\/2014\/01\/page-150x150.jpg 150w, http:\/\/www.kunstgalerie-barbara.de\/blog\/wp-content\/uploads\/2014\/01\/page-300x300.jpg 300w\" sizes=\"(max-width: 404px) 100vw, 404px\" \/><\/a><!--more--><\/p>\n<p style=\"text-align: center;\"><strong>400g-0Champingnons<br \/>\nPilze nicht waschen, in Scheiben schneiden,<br \/>\n1-2 Zwiebeln kleingeschnitten hinzuf\u00fcgen. Dazu zwei in kleine St\u00fccke geschnittene Paprikaschoten, eine ebenfals in St\u00fccke geschnittene mittelgro\u00dfe Zuchini,<br \/>\nGartenkr\u00e4utern wie ein Zweiglein Rosmarin,ein paar Bl\u00e4tter Salbei,ein paar Zweiglein Thymian oder wenn all dies nicht vorhanden gehts auch mit einem E\u00dfl\u00f6ffel gerebbeltem Oregano!<br \/>\n5 Scheibchen Pepperoni, 1 W\u00fcrfel Gem\u00fcsebr\u00fche, ein guten Schu\u00df Raps\u00f6l und last but not least einen sehr gro\u00dfz\u00fcgigen Schu\u00df Wei\u00dfwein.<br \/>\nAlles zusammen etwa 15 Min d\u00fcnsten lassen.<br \/>\nInzwischen 500g Parboildreis\u00a0 garen. Das ged\u00fcnstete Gem\u00fcse unter den Reis heben<br \/>\nNach Geschmack mit einem St\u00fcck Butter verfeinern.<br \/>\nZuletzt die klein geschnittenen Tomaten unterheben, nicht mehr weiterd\u00fcnsten, denn die rohen Tomatenst\u00fcckchen\u00a0 geben dem Risotto den letzten Pfiff.<\/p>\n<p><\/strong><\/p>\n<p style=\"text-align: center;\"><strong>Selbstverst\u00e4ndlich kann man sich die M\u00fche machen, Risottoreis kaufen und den echten Risotto zubereiten.<br \/>\nDas bedeutet allerdings sehr\u00a0 lange am Herd herumstehen und endlos r\u00fchren zu m\u00fcssen. Habe ich diverse Male ausprobiert, ist mir aber entschieden zu umst\u00e4ndlich. Es geht ja wie gesagt auch unkomplizierter!<\/strong><\/p>\n<p style=\"text-align: center;\"><strong>Zum Nachtisch 500 Gramm Kokosjoghurt auf Glasschalen verteilen.<\/strong><br \/>\n<strong>Aus einer Banane, zwei oder drei Kiwis und einer reifen\u00a0 Mango einen Fruchtsalat zubereiten. Diesen dann auf die Glasschalen verteilen indem der Salat auf den Joghurt gesetzt wird.<\/strong><\/p>\n","protected":false},"excerpt":{"rendered":"","protected":false},"author":1,"featured_media":0,"comment_status":"open","ping_status":"open","sticky":false,"template":"","format":"standard","meta":{"footnotes":""},"categories":[27,51],"tags":[],"jetpack_featured_media_url":"","_links":{"self":[{"href":"http:\/\/www.kunstgalerie-barbara.de\/blog\/wp-json\/wp\/v2\/posts\/13618"}],"collection":[{"href":"http:\/\/www.kunstgalerie-barbara.de\/blog\/wp-json\/wp\/v2\/posts"}],"about":[{"href":"http:\/\/www.kunstgalerie-barbara.de\/blog\/wp-json\/wp\/v2\/types\/post"}],"author":[{"embeddable":true,"href":"http:\/\/www.kunstgalerie-barbara.de\/blog\/wp-json\/wp\/v2\/users\/1"}],"replies":[{"embeddable":true,"href":"http:\/\/www.kunstgalerie-barbara.de\/blog\/wp-json\/wp\/v2\/comments?post=13618"}],"version-history":[{"count":1,"href":"http:\/\/www.kunstgalerie-barbara.de\/blog\/wp-json\/wp\/v2\/posts\/13618\/revisions"}],"predecessor-version":[{"id":13625,"href":"http:\/\/www.kunstgalerie-barbara.de\/blog\/wp-json\/wp\/v2\/posts\/13618\/revisions\/13625"}],"wp:attachment":[{"href":"http:\/\/www.kunstgalerie-barbara.de\/blog\/wp-json\/wp\/v2\/media?parent=13618"}],"wp:term":[{"taxonomy":"category","embeddable":true,"href":"http:\/\/www.kunstgalerie-barbara.de\/blog\/wp-json\/wp\/v2\/categories?post=13618"},{"taxonomy":"post_tag","embeddable":true,"href":"http:\/\/www.kunstgalerie-barbara.de\/blog\/wp-json\/wp\/v2\/tags?post=13618"}],"curies":[{"name":"wp","href":"https:\/\/api.w.org\/{rel}","templated":true}]}}