{"id":13627,"date":"2014-01-22T10:52:35","date_gmt":"2014-01-22T08:52:35","guid":{"rendered":"http:\/\/www.kunstgalerie-barbara.de\/blog\/?p=13627"},"modified":"2014-01-22T10:52:35","modified_gmt":"2014-01-22T08:52:35","slug":"gentechnik-laesst-unkraut-wuchern","status":"publish","type":"post","link":"http:\/\/www.kunstgalerie-barbara.de\/blog\/2014\/01\/gentechnik-laesst-unkraut-wuchern\/","title":{"rendered":"Gentechnik l\u00e4\u00dft Unkraut wuchern&#8230;"},"content":{"rendered":"<p><img decoding=\"async\" class=\"spotlight\" style=\"width: 582px; height: 386px;\" alt=\"\" src=\"https:\/\/fbcdn-sphotos-e-a.akamaihd.net\/hphotos-ak-prn2\/1503857_10152133277937488_664047960_n.jpg\" \/><\/p>\n<p><span id=\"fbPhotoSnowliftSpecificAudience\"><\/span><\/p>\n<div class=\"clearfix fbPhotoSnowliftAuthorInfo\">\n<div class=\"lfloat\" id=\"fbPhotoSnowliftAuthorPic\"><a href=\"https:\/\/www.facebook.com\/greenpeace.de\"><img loading=\"lazy\" decoding=\"async\" class=\"_s0 _rw img\" alt=\"\" src=\"https:\/\/fbcdn-profile-a.akamaihd.net\/hprofile-ak-ash2\/t5\/1086664_22541752487_2037068095_q.jpg\" width=\"35\" height=\"35\" \/><\/a><\/div>\n<div class=\"_42ef\">\n<div class=\"fbPhotoContributorName\" id=\"fbPhotoSnowliftAuthorName\"><a id=\"js_10\" href=\"https:\/\/www.facebook.com\/greenpeace.de\" data-hovercard=\"\/ajax\/hovercard\/page.php?id=22541752487\">Greenpeace Deutschland<\/a><\/div>\n<div class=\"mrs fsm fwn fcg\"><span id=\"fbPhotoSnowliftSubscribe\"><\/span><span id=\"fbPhotoSnowliftTimestamp\"><abbr class=\"timestamp livetimestamp\" title=\"Dienstag, 21. Januar 2014 um 12:10\" data-utime=\"1390302657\"><br \/>\n<\/abbr> <\/span><\/div>\n<p><span id=\"fbPhotoSnowliftPromote\"><\/span><span id=\"fbPhotoSnowliftViewOnApp\"><\/span><span id=\"fbPhotoSnowliftUseApp\"><\/span><\/div>\n<\/div>\n<p><span class=\"fbPhotosPhotoCaption\" tabindex=\"0\" data-ft=\"{&quot;type&quot;:45,&quot;tn&quot;:&quot;*G&quot;}\"><span class=\"fbPhotosPhotoCaption\" tabindex=\"0\" data-ft=\"{&quot;type&quot;:45,&quot;tn&quot;:&quot;*G&quot;}\"><span class=\"hasCaption\">\u00a0<\/span><\/span><\/span><\/p>\n<div class=\"text_exposed_root text_exposed\" id=\"id_52df853c085504f61281298\">Gentechnik l\u00e4sst Unkraut wuchern<\/p>\n<p>&#8220;In den USA droht eine Krise in der Landwirtschaft: Super-Unkr\u00e4uter zeigen sich resistent gegen Vernichtungsmittel. Das liegt offenbar am Zusammenspiel mit gentechnisch manipulierten Pflanzen&#8221;, schreibt das Handelsblatt. <a href=\"http:\/\/bit.ly\/1e9xtvS\" target=\"_blank\" rel=\"nofollow nofollow\">http:\/\/bit.ly\/1e9xtvS<\/a><\/p>\n<p>Das Problem ist nicht neu, aber erneut festgestellt: Mais-, Baumwoll- und Sojapflanzen wurden gentechnisch so ver\u00e4ndert, d<span class=\"text_exposed_show\">ass sie widerstandsf\u00e4hig gegen das Spritzmittel Glyphosat sind. Seit Jahren wird gespritzt, was das Zeug h\u00e4lt. Die Quittung: Die Unkr\u00e4uter, die vernichtet werden sollen, haben sich angepasst und trotzen dem Mittel.<\/p>\n<p>Die EU stimmt n\u00e4chste Woche \u00fcber die Zulassung einer neuen Gen-Pflanze ab. Wir brauchen keine weiteren Beweise: Gen-Pflanzen geh\u00f6ren nicht auf den Acker!<\/span><\/div>\n","protected":false},"excerpt":{"rendered":"<p>Greenpeace Deutschland \u00a0 Gentechnik l\u00e4sst Unkraut wuchern &#8220;In den USA droht eine Krise in der Landwirtschaft: Super-Unkr\u00e4uter zeigen sich resistent gegen Vernichtungsmittel. Das liegt offenbar am Zusammenspiel mit gentechnisch manipulierten Pflanzen&#8221;, schreibt das Handelsblatt. http:\/\/bit.ly\/1e9xtvS Das Problem ist nicht neu, aber erneut festgestellt: Mais-, Baumwoll- und Sojapflanzen wurden gentechnisch so ver\u00e4ndert, dass sie widerstandsf\u00e4hig gegen das Spritzmittel Glyphosat sind. Seit Jahren wird gespritzt, was das Zeug h\u00e4lt. Die Quittung: Die Unkr\u00e4uter, die vernichtet werden sollen, haben sich angepasst und trotzen dem Mittel. Die EU stimmt n\u00e4chste Woche \u00fcber die Zulassung einer neuen Gen-Pflanze ab. Wir brauchen keine weiteren Beweise: Gen-Pflanzen geh\u00f6ren nicht auf den Acker!<\/p>\n","protected":false},"author":1,"featured_media":0,"comment_status":"open","ping_status":"open","sticky":false,"template":"","format":"standard","meta":{"footnotes":""},"categories":[42,40,51,64],"tags":[],"jetpack_featured_media_url":"","_links":{"self":[{"href":"http:\/\/www.kunstgalerie-barbara.de\/blog\/wp-json\/wp\/v2\/posts\/13627"}],"collection":[{"href":"http:\/\/www.kunstgalerie-barbara.de\/blog\/wp-json\/wp\/v2\/posts"}],"about":[{"href":"http:\/\/www.kunstgalerie-barbara.de\/blog\/wp-json\/wp\/v2\/types\/post"}],"author":[{"embeddable":true,"href":"http:\/\/www.kunstgalerie-barbara.de\/blog\/wp-json\/wp\/v2\/users\/1"}],"replies":[{"embeddable":true,"href":"http:\/\/www.kunstgalerie-barbara.de\/blog\/wp-json\/wp\/v2\/comments?post=13627"}],"version-history":[{"count":1,"href":"http:\/\/www.kunstgalerie-barbara.de\/blog\/wp-json\/wp\/v2\/posts\/13627\/revisions"}],"predecessor-version":[{"id":13628,"href":"http:\/\/www.kunstgalerie-barbara.de\/blog\/wp-json\/wp\/v2\/posts\/13627\/revisions\/13628"}],"wp:attachment":[{"href":"http:\/\/www.kunstgalerie-barbara.de\/blog\/wp-json\/wp\/v2\/media?parent=13627"}],"wp:term":[{"taxonomy":"category","embeddable":true,"href":"http:\/\/www.kunstgalerie-barbara.de\/blog\/wp-json\/wp\/v2\/categories?post=13627"},{"taxonomy":"post_tag","embeddable":true,"href":"http:\/\/www.kunstgalerie-barbara.de\/blog\/wp-json\/wp\/v2\/tags?post=13627"}],"curies":[{"name":"wp","href":"https:\/\/api.w.org\/{rel}","templated":true}]}}