{"id":13636,"date":"2014-01-22T14:41:35","date_gmt":"2014-01-22T12:41:35","guid":{"rendered":"http:\/\/www.kunstgalerie-barbara.de\/blog\/?p=13636"},"modified":"2014-01-29T06:29:44","modified_gmt":"2014-01-29T04:29:44","slug":"sprossensnack","status":"publish","type":"post","link":"http:\/\/www.kunstgalerie-barbara.de\/blog\/2014\/01\/sprossensnack\/","title":{"rendered":"Sprossensnack&#8230;"},"content":{"rendered":"<p style=\"text-align: center;\"><a href=\"http:\/\/www.kunstgalerie-barbara.de\/blog\/wp-content\/uploads\/2014\/01\/page4.jpg\"><img loading=\"lazy\" decoding=\"async\" class=\"aligncenter size-full wp-image-13660\" alt=\"page\" src=\"http:\/\/www.kunstgalerie-barbara.de\/blog\/wp-content\/uploads\/2014\/01\/page4.jpg\" width=\"406\" height=\"406\" srcset=\"http:\/\/www.kunstgalerie-barbara.de\/blog\/wp-content\/uploads\/2014\/01\/page4.jpg 406w, http:\/\/www.kunstgalerie-barbara.de\/blog\/wp-content\/uploads\/2014\/01\/page4-150x150.jpg 150w, http:\/\/www.kunstgalerie-barbara.de\/blog\/wp-content\/uploads\/2014\/01\/page4-300x300.jpg 300w\" sizes=\"(max-width: 406px) 100vw, 406px\" \/><\/a>&#8230;etwas Urgesundes und Schmackhaftes obendrein!<br \/>\nEin Vollkornbrot mit Butter bestreichen oder mit Quark, dann obendrauf Tomatenscheiben, Gurkenscheiben und als Kr\u00f6nung selbst gezogene Sprossen. Kann es etwas Schmackhafteres geben.<\/p>\n<p style=\"text-align: center;\">Wer wissen m\u00f6chte wie&#8217;s funktioniert das Sprossen ziehen, hier wird&#8217;s erkl\u00e4rt:<\/p>\n<h2><a href=\"http:\/\/www.zentrum-der-gesundheit.de\/sprossen-ziehen-ia.html\"><strong>http:\/\/www.zentrum-der-gesundheit.de\/sprossen-ziehen-ia.html<\/strong><\/a><\/h2>\n","protected":false},"excerpt":{"rendered":"<p>&#8230;etwas Urgesundes und Schmackhaftes obendrein! Ein Vollkornbrot mit Butter bestreichen oder mit Quark, dann obendrauf Tomatenscheiben, Gurkenscheiben und als Kr\u00f6nung selbst gezogene Sprossen. Kann es etwas Schmackhafteres geben. Wer wissen m\u00f6chte wie&#8217;s funktioniert das Sprossen ziehen, hier wird&#8217;s erkl\u00e4rt: http:\/\/www.zentrum-der-gesundheit.de\/sprossen-ziehen-ia.html<\/p>\n","protected":false},"author":1,"featured_media":0,"comment_status":"open","ping_status":"open","sticky":false,"template":"","format":"standard","meta":{"footnotes":""},"categories":[27],"tags":[],"jetpack_featured_media_url":"","_links":{"self":[{"href":"http:\/\/www.kunstgalerie-barbara.de\/blog\/wp-json\/wp\/v2\/posts\/13636"}],"collection":[{"href":"http:\/\/www.kunstgalerie-barbara.de\/blog\/wp-json\/wp\/v2\/posts"}],"about":[{"href":"http:\/\/www.kunstgalerie-barbara.de\/blog\/wp-json\/wp\/v2\/types\/post"}],"author":[{"embeddable":true,"href":"http:\/\/www.kunstgalerie-barbara.de\/blog\/wp-json\/wp\/v2\/users\/1"}],"replies":[{"embeddable":true,"href":"http:\/\/www.kunstgalerie-barbara.de\/blog\/wp-json\/wp\/v2\/comments?post=13636"}],"version-history":[{"count":0,"href":"http:\/\/www.kunstgalerie-barbara.de\/blog\/wp-json\/wp\/v2\/posts\/13636\/revisions"}],"wp:attachment":[{"href":"http:\/\/www.kunstgalerie-barbara.de\/blog\/wp-json\/wp\/v2\/media?parent=13636"}],"wp:term":[{"taxonomy":"category","embeddable":true,"href":"http:\/\/www.kunstgalerie-barbara.de\/blog\/wp-json\/wp\/v2\/categories?post=13636"},{"taxonomy":"post_tag","embeddable":true,"href":"http:\/\/www.kunstgalerie-barbara.de\/blog\/wp-json\/wp\/v2\/tags?post=13636"}],"curies":[{"name":"wp","href":"https:\/\/api.w.org\/{rel}","templated":true}]}}