{"id":13664,"date":"2014-03-05T08:29:55","date_gmt":"2014-03-05T06:29:55","guid":{"rendered":"http:\/\/www.kunstgalerie-barbara.de\/blog\/?p=13664"},"modified":"2014-03-05T10:11:39","modified_gmt":"2014-03-05T08:11:39","slug":"jetzt-das-transatlantische-freihandelsabkommen-verhindern","status":"publish","type":"post","link":"http:\/\/www.kunstgalerie-barbara.de\/blog\/2014\/03\/jetzt-das-transatlantische-freihandelsabkommen-verhindern\/","title":{"rendered":"Jetzt das Transatlantische Freihandelsabkommen verhindern"},"content":{"rendered":"<figure id=\"attachment_13665\" aria-describedby=\"caption-attachment-13665\" style=\"width: 437px\" class=\"wp-caption aligncenter\"><a href=\"http:\/\/www.kunstgalerie-barbara.de\/blog\/wp-content\/uploads\/2014\/01\/9265e205848bd98ebf970d802265bdad.jpg\"><img loading=\"lazy\" decoding=\"async\" class=\" wp-image-13665 \" alt=\"9265e205848bd98ebf970d802265bdad\" src=\"http:\/\/www.kunstgalerie-barbara.de\/blog\/wp-content\/uploads\/2014\/01\/9265e205848bd98ebf970d802265bdad.jpg\" width=\"437\" height=\"146\" srcset=\"http:\/\/www.kunstgalerie-barbara.de\/blog\/wp-content\/uploads\/2014\/01\/9265e205848bd98ebf970d802265bdad.jpg 920w, http:\/\/www.kunstgalerie-barbara.de\/blog\/wp-content\/uploads\/2014\/01\/9265e205848bd98ebf970d802265bdad-300x100.jpg 300w\" sizes=\"(max-width: 437px) 100vw, 437px\" \/><\/a><figcaption id=\"caption-attachment-13665\" class=\"wp-caption-text\">Copyright: Campact &#8211; Demokratie in Aktion &#8211; https:\/\/www.campact.de\/ttip\/<\/figcaption><\/figure>\n<h2><span style=\"color: #ff0000;\"><span style=\"color: #000000;\">Jetzt den<\/span> <span style=\"color: #000000;\"><span style=\"color: #ff0000;\">Verhandlungsstopp<\/span> von <span style=\"color: #ff0000;\">EU-Handelskommissar<\/span> Karel De Gucht und <span style=\"color: #ff0000;\">EU-Parlamentspr\u00e4sident<\/span> Martin Schulz fordern<\/span> <span style=\"color: #000000;\"> und den <\/span>Appell <span style=\"color: #000000;\">bei<\/span> Campact <span style=\"color: #000000;\">unterschreiben:<\/span> <\/span><\/h2>\n<h2><span style=\"color: #000000;\"><a href=\"https:\/\/www.campact.de\/ttip\/appell\/teilnehmen\/\" target=\"_blank\"><span style=\"color: #000000;\">https:\/\/www.campact.de\/ttip\/appell\/teilnehmen\/<\/span><\/a><\/span><\/h2>\n<p><!--more--><\/p>\n<h3>Hintergrund:<\/h3>\n<p>Das geplante Freihandels-Abkommen TTIP zwischen der EU und den USA dient den Interessen der Konzerne und nicht uns B\u00fcrger\/innen:<\/p>\n<p>&#8211; TTIP h\u00f6hlt Demokratie und Rechtsstaat aus: Ausl\u00e4ndische Konzerne k\u00f6nnen Staaten k\u00fcnftig vor nicht \u00f6ffentlich tagenden Schiedsgerichten auf hohe Schadenersatzzahlungen verklagen, wenn sie Gesetze verabschieden, die ihre Gewinne schm\u00e4lern.<\/p>\n<p>&#8211; TTIP \u00f6ffnet Privatisierungen T\u00fcr und Tor: Das Abkommen soll es Konzernen erleichtern, auf Kosten der Allgemeinheit Profite bei Wasserversorgung, Gesundheit und Bildung zu machen.<\/p>\n<p>&#8211; TTIP gef\u00e4hrdet unsere Gesundheit: Was in den USA erlaubt ist, w\u00fcrde auch in der EU legal \u2013 so w\u00e4re der Weg frei f\u00fcr Fracking, Gen-Essen und Hormonfleisch. Die b\u00e4uerliche Landwirtschaft wird geschw\u00e4cht und die Agrarindustrie erh\u00e4lt noch mehr Macht.<\/p>\n<p>&#8211; TTIP untergr\u00e4bt die Freiheit: Es droht noch umfassendere \u00dcberwachung und G\u00e4ngelung von Internetnutzern. Exzessive Urheberrechte erschweren den Zugang zu Kultur, Bildung und Wissenschaft.<\/p>\n<p>&#8211; TTIP ist praktisch unumkehrbar: Einmal beschlossen, sind die Vertr\u00e4ge f\u00fcr gew\u00e4hlte Politiker nicht mehr zu \u00e4ndern. Denn bei jeder \u00c4nderung m\u00fcssen alle Vertragspartner zustimmen. Deutschland allein k\u00f6nnte aus dem Vertrag auch nicht aussteigen, da die EU den Vertrag abschlie\u00dft.<\/p>\n<p>&nbsp;<\/p>\n","protected":false},"excerpt":{"rendered":"<p>Jetzt den Verhandlungsstopp von EU-Handelskommissar Karel De Gucht und EU-Parlamentspr\u00e4sident Martin Schulz fordern und den Appell bei Campact unterschreiben: https:\/\/www.campact.de\/ttip\/appell\/teilnehmen\/<\/p>\n","protected":false},"author":1,"featured_media":0,"comment_status":"open","ping_status":"open","sticky":false,"template":"","format":"standard","meta":{"footnotes":""},"categories":[42,40,51,64],"tags":[],"jetpack_featured_media_url":"","_links":{"self":[{"href":"http:\/\/www.kunstgalerie-barbara.de\/blog\/wp-json\/wp\/v2\/posts\/13664"}],"collection":[{"href":"http:\/\/www.kunstgalerie-barbara.de\/blog\/wp-json\/wp\/v2\/posts"}],"about":[{"href":"http:\/\/www.kunstgalerie-barbara.de\/blog\/wp-json\/wp\/v2\/types\/post"}],"author":[{"embeddable":true,"href":"http:\/\/www.kunstgalerie-barbara.de\/blog\/wp-json\/wp\/v2\/users\/1"}],"replies":[{"embeddable":true,"href":"http:\/\/www.kunstgalerie-barbara.de\/blog\/wp-json\/wp\/v2\/comments?post=13664"}],"version-history":[{"count":1,"href":"http:\/\/www.kunstgalerie-barbara.de\/blog\/wp-json\/wp\/v2\/posts\/13664\/revisions"}],"predecessor-version":[{"id":13672,"href":"http:\/\/www.kunstgalerie-barbara.de\/blog\/wp-json\/wp\/v2\/posts\/13664\/revisions\/13672"}],"wp:attachment":[{"href":"http:\/\/www.kunstgalerie-barbara.de\/blog\/wp-json\/wp\/v2\/media?parent=13664"}],"wp:term":[{"taxonomy":"category","embeddable":true,"href":"http:\/\/www.kunstgalerie-barbara.de\/blog\/wp-json\/wp\/v2\/categories?post=13664"},{"taxonomy":"post_tag","embeddable":true,"href":"http:\/\/www.kunstgalerie-barbara.de\/blog\/wp-json\/wp\/v2\/tags?post=13664"}],"curies":[{"name":"wp","href":"https:\/\/api.w.org\/{rel}","templated":true}]}}