{"id":13691,"date":"2014-02-05T08:05:42","date_gmt":"2014-02-05T06:05:42","guid":{"rendered":"http:\/\/www.kunstgalerie-barbara.de\/blog\/?p=13691"},"modified":"2014-02-05T19:24:43","modified_gmt":"2014-02-05T17:24:43","slug":"atommuell-wurde-noch-bis-vor-kurzem-vor-unseren-kuesten-verklappt-eine-zeitbombe","status":"publish","type":"post","link":"http:\/\/www.kunstgalerie-barbara.de\/blog\/2014\/02\/atommuell-wurde-noch-bis-vor-kurzem-vor-unseren-kuesten-verklappt-eine-zeitbombe\/","title":{"rendered":"Atomm\u00fcll wurde noch bis vor kurzem vor unseren K\u00fcsten verklappt, eine Zeitbombe"},"content":{"rendered":"<h3>In der Nordsee nicht weit von unserer K\u00fcste entfernt, gammeln enorme Mengen an Kanistern, gef\u00fcllt mit radioaktivem M\u00fcll vor sich hin. Wie viele davon bereits durchgerostet sind, wei\u00df niemand und unsere gr\u00f6\u00dfte Sorge ist, ob oder von wem wir ausgeforscht werden!<\/h3>\n<p>http:\/\/youtu.be\/A6fwUO6eZdk<\/p>\n","protected":false},"excerpt":{"rendered":"<p>In der Nordsee nicht weit von unserer K\u00fcste entfernt, gammeln enorme Mengen an Kanistern, gef\u00fcllt mit radioaktivem M\u00fcll vor sich hin. Wie viele davon bereits durchgerostet sind, wei\u00df niemand und unsere gr\u00f6\u00dfte Sorge ist, ob oder von wem wir ausgeforscht werden! http:\/\/youtu.be\/A6fwUO6eZdk<\/p>\n","protected":false},"author":1,"featured_media":0,"comment_status":"open","ping_status":"open","sticky":false,"template":"","format":"standard","meta":{"footnotes":""},"categories":[42,40,51,64],"tags":[],"jetpack_featured_media_url":"","_links":{"self":[{"href":"http:\/\/www.kunstgalerie-barbara.de\/blog\/wp-json\/wp\/v2\/posts\/13691"}],"collection":[{"href":"http:\/\/www.kunstgalerie-barbara.de\/blog\/wp-json\/wp\/v2\/posts"}],"about":[{"href":"http:\/\/www.kunstgalerie-barbara.de\/blog\/wp-json\/wp\/v2\/types\/post"}],"author":[{"embeddable":true,"href":"http:\/\/www.kunstgalerie-barbara.de\/blog\/wp-json\/wp\/v2\/users\/1"}],"replies":[{"embeddable":true,"href":"http:\/\/www.kunstgalerie-barbara.de\/blog\/wp-json\/wp\/v2\/comments?post=13691"}],"version-history":[{"count":1,"href":"http:\/\/www.kunstgalerie-barbara.de\/blog\/wp-json\/wp\/v2\/posts\/13691\/revisions"}],"predecessor-version":[{"id":13712,"href":"http:\/\/www.kunstgalerie-barbara.de\/blog\/wp-json\/wp\/v2\/posts\/13691\/revisions\/13712"}],"wp:attachment":[{"href":"http:\/\/www.kunstgalerie-barbara.de\/blog\/wp-json\/wp\/v2\/media?parent=13691"}],"wp:term":[{"taxonomy":"category","embeddable":true,"href":"http:\/\/www.kunstgalerie-barbara.de\/blog\/wp-json\/wp\/v2\/categories?post=13691"},{"taxonomy":"post_tag","embeddable":true,"href":"http:\/\/www.kunstgalerie-barbara.de\/blog\/wp-json\/wp\/v2\/tags?post=13691"}],"curies":[{"name":"wp","href":"https:\/\/api.w.org\/{rel}","templated":true}]}}