{"id":13758,"date":"2014-02-16T07:18:22","date_gmt":"2014-02-16T05:18:22","guid":{"rendered":"http:\/\/www.kunstgalerie-barbara.de\/blog\/?p=13758"},"modified":"2014-02-19T19:40:49","modified_gmt":"2014-02-19T17:40:49","slug":"unsere-regierung-scheint-korupt-zu-sein-da-sie-volkeswillen-ignoriert","status":"publish","type":"post","link":"http:\/\/www.kunstgalerie-barbara.de\/blog\/2014\/02\/unsere-regierung-scheint-korupt-zu-sein-da-sie-volkeswillen-ignoriert\/","title":{"rendered":"Da\u00df unsere Bundeskanzlerin so verhement wider besseres Wissen Genmais durchsetzen will&#8230;"},"content":{"rendered":"<p>&#8230; l\u00e4\u00dft eigentlich nur einen Schlu\u00df zu, sie steht anscheinend auf der Gehaltsliste von Monsanto &amp; Co!<br \/>\nUnsere Demokratie ist leider wie sich mal wieder sehr deutlich zeigt, nur eine Scheindemokratie, statt dessen haben wir schon seit langem eine Diktatur der Konzerne und des Lobbyismus!<\/p>\n<p>http:\/\/youtu.be\/AjqOJgPcN3w<\/p>\n","protected":false},"excerpt":{"rendered":"<p>&#8230; l\u00e4\u00dft eigentlich nur einen Schlu\u00df zu, sie steht anscheinend auf der Gehaltsliste von Monsanto &amp; Co! Unsere Demokratie ist leider wie sich mal wieder sehr deutlich zeigt, nur eine Scheindemokratie, statt dessen haben wir schon seit langem eine Diktatur der Konzerne und des Lobbyismus! http:\/\/youtu.be\/AjqOJgPcN3w<\/p>\n","protected":false},"author":1,"featured_media":0,"comment_status":"open","ping_status":"open","sticky":false,"template":"","format":"standard","meta":{"footnotes":""},"categories":[42,40,51,64],"tags":[],"jetpack_featured_media_url":"","_links":{"self":[{"href":"http:\/\/www.kunstgalerie-barbara.de\/blog\/wp-json\/wp\/v2\/posts\/13758"}],"collection":[{"href":"http:\/\/www.kunstgalerie-barbara.de\/blog\/wp-json\/wp\/v2\/posts"}],"about":[{"href":"http:\/\/www.kunstgalerie-barbara.de\/blog\/wp-json\/wp\/v2\/types\/post"}],"author":[{"embeddable":true,"href":"http:\/\/www.kunstgalerie-barbara.de\/blog\/wp-json\/wp\/v2\/users\/1"}],"replies":[{"embeddable":true,"href":"http:\/\/www.kunstgalerie-barbara.de\/blog\/wp-json\/wp\/v2\/comments?post=13758"}],"version-history":[{"count":1,"href":"http:\/\/www.kunstgalerie-barbara.de\/blog\/wp-json\/wp\/v2\/posts\/13758\/revisions"}],"predecessor-version":[{"id":13782,"href":"http:\/\/www.kunstgalerie-barbara.de\/blog\/wp-json\/wp\/v2\/posts\/13758\/revisions\/13782"}],"wp:attachment":[{"href":"http:\/\/www.kunstgalerie-barbara.de\/blog\/wp-json\/wp\/v2\/media?parent=13758"}],"wp:term":[{"taxonomy":"category","embeddable":true,"href":"http:\/\/www.kunstgalerie-barbara.de\/blog\/wp-json\/wp\/v2\/categories?post=13758"},{"taxonomy":"post_tag","embeddable":true,"href":"http:\/\/www.kunstgalerie-barbara.de\/blog\/wp-json\/wp\/v2\/tags?post=13758"}],"curies":[{"name":"wp","href":"https:\/\/api.w.org\/{rel}","templated":true}]}}