{"id":13787,"date":"2014-02-22T09:01:24","date_gmt":"2014-02-22T07:01:24","guid":{"rendered":"http:\/\/www.kunstgalerie-barbara.de\/blog\/?p=13787"},"modified":"2014-02-22T09:01:57","modified_gmt":"2014-02-22T07:01:57","slug":"maerzbecher-und-winterlinge","status":"publish","type":"post","link":"http:\/\/www.kunstgalerie-barbara.de\/blog\/2014\/02\/maerzbecher-und-winterlinge\/","title":{"rendered":"M\u00e4rzbecher und Winterlinge&#8230;"},"content":{"rendered":"<p style=\"text-align: center;\"><a href=\"http:\/\/www.kunstgalerie-barbara.de\/blog\/wp-content\/uploads\/2014\/02\/page1.jpg\"><img loading=\"lazy\" decoding=\"async\" class=\"aligncenter size-full wp-image-13788\" alt=\"page\" src=\"http:\/\/www.kunstgalerie-barbara.de\/blog\/wp-content\/uploads\/2014\/02\/page1.jpg\" width=\"406\" height=\"406\" srcset=\"http:\/\/www.kunstgalerie-barbara.de\/blog\/wp-content\/uploads\/2014\/02\/page1.jpg 406w, http:\/\/www.kunstgalerie-barbara.de\/blog\/wp-content\/uploads\/2014\/02\/page1-150x150.jpg 150w, http:\/\/www.kunstgalerie-barbara.de\/blog\/wp-content\/uploads\/2014\/02\/page1-300x300.jpg 300w\" sizes=\"(max-width: 406px) 100vw, 406px\" \/><\/a>&#8230; versch\u00f6nern unsere im Moment etwas bl\u00fctenlosen G\u00e4rten!<\/p>\n","protected":false},"excerpt":{"rendered":"<p>&#8230; versch\u00f6nern unsere im Moment etwas bl\u00fctenlosen G\u00e4rten!<\/p>\n","protected":false},"author":1,"featured_media":0,"comment_status":"open","ping_status":"open","sticky":false,"template":"","format":"standard","meta":{"footnotes":""},"categories":[26,51],"tags":[],"jetpack_featured_media_url":"","_links":{"self":[{"href":"http:\/\/www.kunstgalerie-barbara.de\/blog\/wp-json\/wp\/v2\/posts\/13787"}],"collection":[{"href":"http:\/\/www.kunstgalerie-barbara.de\/blog\/wp-json\/wp\/v2\/posts"}],"about":[{"href":"http:\/\/www.kunstgalerie-barbara.de\/blog\/wp-json\/wp\/v2\/types\/post"}],"author":[{"embeddable":true,"href":"http:\/\/www.kunstgalerie-barbara.de\/blog\/wp-json\/wp\/v2\/users\/1"}],"replies":[{"embeddable":true,"href":"http:\/\/www.kunstgalerie-barbara.de\/blog\/wp-json\/wp\/v2\/comments?post=13787"}],"version-history":[{"count":1,"href":"http:\/\/www.kunstgalerie-barbara.de\/blog\/wp-json\/wp\/v2\/posts\/13787\/revisions"}],"predecessor-version":[{"id":13790,"href":"http:\/\/www.kunstgalerie-barbara.de\/blog\/wp-json\/wp\/v2\/posts\/13787\/revisions\/13790"}],"wp:attachment":[{"href":"http:\/\/www.kunstgalerie-barbara.de\/blog\/wp-json\/wp\/v2\/media?parent=13787"}],"wp:term":[{"taxonomy":"category","embeddable":true,"href":"http:\/\/www.kunstgalerie-barbara.de\/blog\/wp-json\/wp\/v2\/categories?post=13787"},{"taxonomy":"post_tag","embeddable":true,"href":"http:\/\/www.kunstgalerie-barbara.de\/blog\/wp-json\/wp\/v2\/tags?post=13787"}],"curies":[{"name":"wp","href":"https:\/\/api.w.org\/{rel}","templated":true}]}}