{"id":13806,"date":"2014-03-03T12:17:51","date_gmt":"2014-03-03T10:17:51","guid":{"rendered":"http:\/\/www.kunstgalerie-barbara.de\/blog\/?p=13806"},"modified":"2014-03-03T12:28:52","modified_gmt":"2014-03-03T10:28:52","slug":"das-venedig-des-nordens","status":"publish","type":"post","link":"http:\/\/www.kunstgalerie-barbara.de\/blog\/2014\/03\/das-venedig-des-nordens\/","title":{"rendered":"Venedig des Nordens&#8230;"},"content":{"rendered":"<p style=\"text-align: center;\"><a href=\"http:\/\/www.kunstgalerie-barbara.de\/blog\/wp-content\/uploads\/2014\/03\/page.jpg\"><img loading=\"lazy\" decoding=\"async\" class=\"aligncenter size-full wp-image-13807\" alt=\"page\" src=\"http:\/\/www.kunstgalerie-barbara.de\/blog\/wp-content\/uploads\/2014\/03\/page.jpg\" width=\"406\" height=\"406\" srcset=\"http:\/\/www.kunstgalerie-barbara.de\/blog\/wp-content\/uploads\/2014\/03\/page.jpg 406w, http:\/\/www.kunstgalerie-barbara.de\/blog\/wp-content\/uploads\/2014\/03\/page-150x150.jpg 150w, http:\/\/www.kunstgalerie-barbara.de\/blog\/wp-content\/uploads\/2014\/03\/page-300x300.jpg 300w\" sizes=\"(max-width: 406px) 100vw, 406px\" \/><\/a>&#8230;niemand mu\u00df mehr unbedingt\u00a0 zur Karnevalszeit den Weg nach S\u00fcden einschlagen, denn auch im hohen Norden Deutschlands gibt es Karneval und Masken satt. Hamburgs Maskenzauber kann den Vergleich mit Venedig nicht nur in der Anzahl der Br\u00fccken, nein, auch mit geheimnisvollen Masken und fantasievollen Kost\u00fcmen standhalten. Und der Samba Karneval in Bremen, \u00fcbrigens der Einzige in Europa und Umzu, mu\u00df sich in Punkto Schwung, Temperament und Sambarhytmen nicht hinter der gro\u00dfen Schwester Rio verstecken!<\/p>\n<p style=\"text-align: center;\"><a href=\"http:\/\/www.kunstgalerie-barbara.de\/blog\/wp-content\/uploads\/2014\/03\/page1.jpg\"><img loading=\"lazy\" decoding=\"async\" class=\"aligncenter size-full wp-image-13809\" alt=\"page\" src=\"http:\/\/www.kunstgalerie-barbara.de\/blog\/wp-content\/uploads\/2014\/03\/page1.jpg\" width=\"406\" height=\"406\" srcset=\"http:\/\/www.kunstgalerie-barbara.de\/blog\/wp-content\/uploads\/2014\/03\/page1.jpg 406w, http:\/\/www.kunstgalerie-barbara.de\/blog\/wp-content\/uploads\/2014\/03\/page1-150x150.jpg 150w, http:\/\/www.kunstgalerie-barbara.de\/blog\/wp-content\/uploads\/2014\/03\/page1-300x300.jpg 300w\" sizes=\"(max-width: 406px) 100vw, 406px\" \/><\/a><\/p>\n","protected":false},"excerpt":{"rendered":"<p>&#8230;niemand mu\u00df mehr unbedingt\u00a0 zur Karnevalszeit den Weg nach S\u00fcden einschlagen, denn auch im hohen Norden Deutschlands gibt es Karneval und Masken satt. Hamburgs Maskenzauber kann den Vergleich mit Venedig nicht nur in der Anzahl der Br\u00fccken, nein, auch mit geheimnisvollen Masken und fantasievollen Kost\u00fcmen standhalten. Und der Samba Karneval in Bremen, \u00fcbrigens der Einzige in Europa und Umzu, mu\u00df sich in Punkto Schwung, Temperament und Sambarhytmen nicht hinter der gro\u00dfen Schwester Rio verstecken!<\/p>\n","protected":false},"author":1,"featured_media":0,"comment_status":"open","ping_status":"open","sticky":false,"template":"","format":"standard","meta":{"footnotes":""},"categories":[51],"tags":[],"jetpack_featured_media_url":"","_links":{"self":[{"href":"http:\/\/www.kunstgalerie-barbara.de\/blog\/wp-json\/wp\/v2\/posts\/13806"}],"collection":[{"href":"http:\/\/www.kunstgalerie-barbara.de\/blog\/wp-json\/wp\/v2\/posts"}],"about":[{"href":"http:\/\/www.kunstgalerie-barbara.de\/blog\/wp-json\/wp\/v2\/types\/post"}],"author":[{"embeddable":true,"href":"http:\/\/www.kunstgalerie-barbara.de\/blog\/wp-json\/wp\/v2\/users\/1"}],"replies":[{"embeddable":true,"href":"http:\/\/www.kunstgalerie-barbara.de\/blog\/wp-json\/wp\/v2\/comments?post=13806"}],"version-history":[{"count":1,"href":"http:\/\/www.kunstgalerie-barbara.de\/blog\/wp-json\/wp\/v2\/posts\/13806\/revisions"}],"predecessor-version":[{"id":13816,"href":"http:\/\/www.kunstgalerie-barbara.de\/blog\/wp-json\/wp\/v2\/posts\/13806\/revisions\/13816"}],"wp:attachment":[{"href":"http:\/\/www.kunstgalerie-barbara.de\/blog\/wp-json\/wp\/v2\/media?parent=13806"}],"wp:term":[{"taxonomy":"category","embeddable":true,"href":"http:\/\/www.kunstgalerie-barbara.de\/blog\/wp-json\/wp\/v2\/categories?post=13806"},{"taxonomy":"post_tag","embeddable":true,"href":"http:\/\/www.kunstgalerie-barbara.de\/blog\/wp-json\/wp\/v2\/tags?post=13806"}],"curies":[{"name":"wp","href":"https:\/\/api.w.org\/{rel}","templated":true}]}}