{"id":13847,"date":"2014-03-17T05:20:00","date_gmt":"2014-03-17T03:20:00","guid":{"rendered":"http:\/\/www.kunstgalerie-barbara.de\/blog\/?p=13847"},"modified":"2015-11-27T05:53:14","modified_gmt":"2015-11-27T03:53:14","slug":"fenchel-pastinaken-gemuese-mit-kartoffelschnee","status":"publish","type":"post","link":"http:\/\/www.kunstgalerie-barbara.de\/blog\/2014\/03\/fenchel-pastinaken-gemuese-mit-kartoffelschnee\/","title":{"rendered":"Fenchel-Pastinaken-Gem\u00fcse mit Kartoffelschnee"},"content":{"rendered":"<p><a href=\"http:\/\/www.kunstgalerie-barbara.de\/blog\/wp-content\/uploads\/2014\/03\/page4.jpg\"><img loading=\"lazy\" decoding=\"async\" class=\"aligncenter size-full wp-image-13848\" src=\"http:\/\/www.kunstgalerie-barbara.de\/blog\/wp-content\/uploads\/2014\/03\/page4.jpg\" alt=\"page\" width=\"406\" height=\"406\" srcset=\"http:\/\/www.kunstgalerie-barbara.de\/blog\/wp-content\/uploads\/2014\/03\/page4.jpg 406w, http:\/\/www.kunstgalerie-barbara.de\/blog\/wp-content\/uploads\/2014\/03\/page4-150x150.jpg 150w, http:\/\/www.kunstgalerie-barbara.de\/blog\/wp-content\/uploads\/2014\/03\/page4-300x300.jpg 300w\" sizes=\"(max-width: 406px) 100vw, 406px\" \/><\/a><\/p>\n<p style=\"text-align: center;\">geht so:<!--more-->Eine Fenchelknolle in gr\u00f6\u00dfere St\u00fccke schneiden, zwei\u00a0 M\u00f6hren\u00a0 und zwei Pastinaken in Streifen und dann in St\u00fccke zerteilen, zwei wei\u00dfe R\u00fcben ungesch\u00e4lt in Scheiben und in Streifen schneiden und in einer Pfanne oder Topf\u00a0 zwanzig Minuten in Gem\u00fcsebr\u00fche und zwei Scheibchen Pepperoni d\u00fcnsten!<br \/>\nZum Schlu\u00df das Wasser abgie\u00dfen und das Gegarte in etwas Butter oder \u00d6l schwenken.<br \/>\nSechs gro\u00dfe mehlige Kartoffeln sch\u00e4len in St\u00fccke schneiden kochen das Kochwasser abgie\u00dfen und\u00a0 mit den gegarten Kartoffeln etwas Milch, Kr\u00e4utersalz und geriebenem Muskat Kartoffelschnee zubereiten, indem ich alles zusammen mit einem Kartoffelstampfer zerdr\u00fccke oder in einem Mixer sehr kurz mixe.<\/p>\n<p>Den Kartoffelschnee auf den Tellern verteilen und dazu das Fenchel Pastinaken Gem\u00fcse anrichten und zum Schlu\u00df kann wer will, noch ein wenig Sesam und Sonnenblumenkerne dar\u00fcber streuen!<\/p>\n<p>Guten Appetit<\/p>\n","protected":false},"excerpt":{"rendered":"<p>geht so:<\/p>\n","protected":false},"author":1,"featured_media":0,"comment_status":"open","ping_status":"open","sticky":false,"template":"","format":"standard","meta":{"footnotes":""},"categories":[27,51,64],"tags":[],"jetpack_featured_media_url":"","_links":{"self":[{"href":"http:\/\/www.kunstgalerie-barbara.de\/blog\/wp-json\/wp\/v2\/posts\/13847"}],"collection":[{"href":"http:\/\/www.kunstgalerie-barbara.de\/blog\/wp-json\/wp\/v2\/posts"}],"about":[{"href":"http:\/\/www.kunstgalerie-barbara.de\/blog\/wp-json\/wp\/v2\/types\/post"}],"author":[{"embeddable":true,"href":"http:\/\/www.kunstgalerie-barbara.de\/blog\/wp-json\/wp\/v2\/users\/1"}],"replies":[{"embeddable":true,"href":"http:\/\/www.kunstgalerie-barbara.de\/blog\/wp-json\/wp\/v2\/comments?post=13847"}],"version-history":[{"count":1,"href":"http:\/\/www.kunstgalerie-barbara.de\/blog\/wp-json\/wp\/v2\/posts\/13847\/revisions"}],"predecessor-version":[{"id":16812,"href":"http:\/\/www.kunstgalerie-barbara.de\/blog\/wp-json\/wp\/v2\/posts\/13847\/revisions\/16812"}],"wp:attachment":[{"href":"http:\/\/www.kunstgalerie-barbara.de\/blog\/wp-json\/wp\/v2\/media?parent=13847"}],"wp:term":[{"taxonomy":"category","embeddable":true,"href":"http:\/\/www.kunstgalerie-barbara.de\/blog\/wp-json\/wp\/v2\/categories?post=13847"},{"taxonomy":"post_tag","embeddable":true,"href":"http:\/\/www.kunstgalerie-barbara.de\/blog\/wp-json\/wp\/v2\/tags?post=13847"}],"curies":[{"name":"wp","href":"https:\/\/api.w.org\/{rel}","templated":true}]}}