{"id":13944,"date":"2014-04-21T06:31:48","date_gmt":"2014-04-21T04:31:48","guid":{"rendered":"http:\/\/www.kunstgalerie-barbara.de\/blog\/?p=13944"},"modified":"2020-02-14T07:39:17","modified_gmt":"2020-02-14T05:39:17","slug":"ein-angekabberter-osterhase","status":"publish","type":"post","link":"http:\/\/www.kunstgalerie-barbara.de\/blog\/2014\/04\/ein-angekabberter-osterhase\/","title":{"rendered":"Ein angeknabberter Osterhase&#8230;"},"content":{"rendered":"<p>In meiner ungebremsten Eifersucht durchschn\u00fcffelte ich alles und stie\u00df tats\u00e4chlich irgendwann auf einen etwa drei\u00dfig Zentimeter gro\u00dfen Schokoladenhasen.<br \/>\nZun\u00e4chst war ich eimal baff. Mein erster Gedanke war: \u201dDen soll bestimmt Birgit meine f\u00fcnfj\u00e4hrige Nichte bekommen \u201c. Und mein zweiter: \u201cDen fantastischen Hasen soll sie nicht ganz allein aufessen d\u00fcrfen, ich will auch etwas davon abhaben!\u201c<br \/>\nJeden Tag schlich ich mich zum Schrank, schob die Verpackung, das Staniolpapier, beiseite und knabberte mich von Tag zu Tag tiefer in den Hasen, bis da ein nicht zu \u00fcbersehendes Loch in der Schokolade klaffte.<!--more--><br \/>\nDer Ostersonntag kam heran und meine Angst vor der Entdeckung dessen, was ich da angerichtet hatte, wurde immer gr\u00f6\u00dfer.<br \/>\nIch schlich mit eingezogenem Kopf durch die Wohnung und erwartete ein Donnerwetter, das jeden Moment auf mich niedersausen konnte.<br \/>\nIch konnte mir nicht vorstellen, da\u00df meine Eltern nichts gemerkt haben sollten. Aber die erwartete Reaktion kam nicht.<br \/>\nIch begann nach einer allzu munteren Aufforderung, wie mir schien,\u00a0 die im Garten versteckten Ostereier\u00a0 zu suchen und tat es, so als sei nichts geschehen. Was blieb mir auch anderes \u00fcbrig!<br \/>\nIch fand\u00a0 nach und nach alles Versteckte und in einem der Nester,\u00a0 o Schande auch den riesigen\u00a0 angebissenen Osterhasen.<br \/>\nIch nahm all meinen Mut zusammen, ging zu meiner Mutter und fragte sie scheinheilig, ob denn dieser Hase nicht f\u00fcr Birgit bestimmt sei. Meine Mutter antwortete mit ganz harmloser Miene, nein, Birgit h\u00e4tte\u00a0 einen kleineren Schokoladenosterhasen bekommen, das\u00a0 h\u00e4tte schon seine Richtigkeit mit dem Hasen, den ich da jetzt in der Hand hielt und ob da irgendetwas mit ihm nicht in Ordnung sei?<br \/>\nDa sprudelte aus mir all das, was mich so belastet hatte, mit einemmal wie ein gestauter See heraus und ich war unwahrscheinlich froh, es los zu sein.<br \/>\nMeine Mutter schien das Ganze sehr zu am\u00fcsieren, denn sie fragte mich, wie ich darauf gekommen sei, da\u00df dieser von mir angeknabberte Hase nicht f\u00fcr mich bestimmt gewesen sei.<br \/>\nDarauf hatte ich keine plausible Antwort und wir belie\u00dfen es dabei.<\/p>\n<p>Mehr Geschichten aus dieser Zeit in meinem Buch :\u00a0<em><strong> Die Katze in der roten Baskenm\u00fctze<\/strong><\/em>.\u00a0 Mit einem Klick auf\u00a0 das entsprechende Buchcover rechts sind sie bei Amazon und k\u00f6nnen es erwerben!<\/p>\n","protected":false},"excerpt":{"rendered":"<p>In meiner ungebremsten Eifersucht durchschn\u00fcffelte ich alles und stie\u00df tats\u00e4chlich irgendwann auf einen etwa drei\u00dfig Zentimeter gro\u00dfen Schokoladenhasen. Zun\u00e4chst war ich eimal baff. Mein erster Gedanke war: \u201dDen soll bestimmt Birgit meine f\u00fcnfj\u00e4hrige Nichte bekommen \u201c. Und mein zweiter: \u201cDen fantastischen Hasen soll sie nicht ganz allein aufessen d\u00fcrfen, ich will auch etwas davon abhaben!\u201c Jeden Tag schlich ich mich zum Schrank, schob die Verpackung, das Staniolpapier, beiseite und knabberte mich von Tag zu Tag tiefer in den Hasen, bis da ein nicht zu \u00fcbersehendes Loch in der Schokolade klaffte.<\/p>\n","protected":false},"author":1,"featured_media":0,"comment_status":"open","ping_status":"open","sticky":false,"template":"","format":"standard","meta":{"footnotes":""},"categories":[18,51],"tags":[],"jetpack_featured_media_url":"","_links":{"self":[{"href":"http:\/\/www.kunstgalerie-barbara.de\/blog\/wp-json\/wp\/v2\/posts\/13944"}],"collection":[{"href":"http:\/\/www.kunstgalerie-barbara.de\/blog\/wp-json\/wp\/v2\/posts"}],"about":[{"href":"http:\/\/www.kunstgalerie-barbara.de\/blog\/wp-json\/wp\/v2\/types\/post"}],"author":[{"embeddable":true,"href":"http:\/\/www.kunstgalerie-barbara.de\/blog\/wp-json\/wp\/v2\/users\/1"}],"replies":[{"embeddable":true,"href":"http:\/\/www.kunstgalerie-barbara.de\/blog\/wp-json\/wp\/v2\/comments?post=13944"}],"version-history":[{"count":4,"href":"http:\/\/www.kunstgalerie-barbara.de\/blog\/wp-json\/wp\/v2\/posts\/13944\/revisions"}],"predecessor-version":[{"id":21266,"href":"http:\/\/www.kunstgalerie-barbara.de\/blog\/wp-json\/wp\/v2\/posts\/13944\/revisions\/21266"}],"wp:attachment":[{"href":"http:\/\/www.kunstgalerie-barbara.de\/blog\/wp-json\/wp\/v2\/media?parent=13944"}],"wp:term":[{"taxonomy":"category","embeddable":true,"href":"http:\/\/www.kunstgalerie-barbara.de\/blog\/wp-json\/wp\/v2\/categories?post=13944"},{"taxonomy":"post_tag","embeddable":true,"href":"http:\/\/www.kunstgalerie-barbara.de\/blog\/wp-json\/wp\/v2\/tags?post=13944"}],"curies":[{"name":"wp","href":"https:\/\/api.w.org\/{rel}","templated":true}]}}