{"id":13952,"date":"2014-04-23T06:39:32","date_gmt":"2014-04-23T04:39:32","guid":{"rendered":"http:\/\/www.kunstgalerie-barbara.de\/blog\/?p=13952"},"modified":"2014-04-23T06:39:56","modified_gmt":"2014-04-23T04:39:56","slug":"pfannenpasta-mit-basilikumblaettern","status":"publish","type":"post","link":"http:\/\/www.kunstgalerie-barbara.de\/blog\/2014\/04\/pfannenpasta-mit-basilikumblaettern\/","title":{"rendered":"Pfannenspirelli mit Basilikumbl\u00e4ttern"},"content":{"rendered":"<p style=\"text-align: center;\"><a href=\"http:\/\/www.kunstgalerie-barbara.de\/blog\/wp-content\/uploads\/2014\/04\/P1480312-Kopie.jpg\"><img loading=\"lazy\" decoding=\"async\" class=\"aligncenter size-full wp-image-13954\" alt=\"P1480312 Kopie\" src=\"http:\/\/www.kunstgalerie-barbara.de\/blog\/wp-content\/uploads\/2014\/04\/P1480312-Kopie.jpg\" width=\"470\" height=\"313\" srcset=\"http:\/\/www.kunstgalerie-barbara.de\/blog\/wp-content\/uploads\/2014\/04\/P1480312-Kopie.jpg 470w, http:\/\/www.kunstgalerie-barbara.de\/blog\/wp-content\/uploads\/2014\/04\/P1480312-Kopie-300x199.jpg 300w\" sizes=\"(max-width: 470px) 100vw, 470px\" \/><\/a> Ein supereinfaches und sehr schmackhaftes Gericht f\u00fcr alle Jahreszeiten, denn Pasta pa\u00dft immer<br \/>\ngeht so:<!--more--> 1Zuchini, 2Paprikaschoten,\u00a0 zwei M\u00f6hren 1 Aubergine in St\u00fccke scheiden und mit etwas Gem\u00fcsebr\u00fche, gerebbeltem oder frischem Oregano und ein paar Scheibchen Pepperoni gar, besser al dente d\u00fcnsten, Tomatenst\u00fccken von drei Tomaten hinzuf\u00fcgen. Die gegarten Vollkorn Sprirelli hinzuf\u00fcgen und unter das Gem\u00fcse heben, portionieren und mit Basilikumbl\u00e4ttern anrichten!<\/p>\n<p>Guten Appetit !!!!!!<\/p>\n","protected":false},"excerpt":{"rendered":"<p>Ein supereinfaches und sehr schmackhaftes Gericht f\u00fcr alle Jahreszeiten, denn Pasta pa\u00dft immer geht so:<\/p>\n","protected":false},"author":1,"featured_media":0,"comment_status":"open","ping_status":"open","sticky":false,"template":"","format":"standard","meta":{"footnotes":""},"categories":[27,51],"tags":[],"jetpack_featured_media_url":"","_links":{"self":[{"href":"http:\/\/www.kunstgalerie-barbara.de\/blog\/wp-json\/wp\/v2\/posts\/13952"}],"collection":[{"href":"http:\/\/www.kunstgalerie-barbara.de\/blog\/wp-json\/wp\/v2\/posts"}],"about":[{"href":"http:\/\/www.kunstgalerie-barbara.de\/blog\/wp-json\/wp\/v2\/types\/post"}],"author":[{"embeddable":true,"href":"http:\/\/www.kunstgalerie-barbara.de\/blog\/wp-json\/wp\/v2\/users\/1"}],"replies":[{"embeddable":true,"href":"http:\/\/www.kunstgalerie-barbara.de\/blog\/wp-json\/wp\/v2\/comments?post=13952"}],"version-history":[{"count":1,"href":"http:\/\/www.kunstgalerie-barbara.de\/blog\/wp-json\/wp\/v2\/posts\/13952\/revisions"}],"predecessor-version":[{"id":13956,"href":"http:\/\/www.kunstgalerie-barbara.de\/blog\/wp-json\/wp\/v2\/posts\/13952\/revisions\/13956"}],"wp:attachment":[{"href":"http:\/\/www.kunstgalerie-barbara.de\/blog\/wp-json\/wp\/v2\/media?parent=13952"}],"wp:term":[{"taxonomy":"category","embeddable":true,"href":"http:\/\/www.kunstgalerie-barbara.de\/blog\/wp-json\/wp\/v2\/categories?post=13952"},{"taxonomy":"post_tag","embeddable":true,"href":"http:\/\/www.kunstgalerie-barbara.de\/blog\/wp-json\/wp\/v2\/tags?post=13952"}],"curies":[{"name":"wp","href":"https:\/\/api.w.org\/{rel}","templated":true}]}}