{"id":1396,"date":"2009-03-12T10:37:16","date_gmt":"2009-03-12T09:37:16","guid":{"rendered":"http:\/\/www.kunstgalerie-barbara.de\/blog\/?p=1396"},"modified":"2010-06-05T12:51:12","modified_gmt":"2010-06-05T11:51:12","slug":"die-einstellung-zu-waffen","status":"publish","type":"post","link":"http:\/\/www.kunstgalerie-barbara.de\/blog\/2009\/03\/die-einstellung-zu-waffen\/","title":{"rendered":"Die Einstellung zu Waffen&#8230;"},"content":{"rendered":"<p>\u00e2\u20ac\u00a6generell scheint in diesem unserem Lande nicht ganz in Ordnung zu sein, wenn es bis heute kein Thema ist, Waffenbesitz vern\u00c3\u00bcnftig zu reglementieren. Wir kommen jedoch anscheinend nicht darum herum daf\u00c3\u00bcr zu sorgen, dass Halbw\u00c3\u00bcchsige (Pubertierende) sich nicht so ohne weiteres am Waffenarsenal ihres Herrn Papa bedienen k\u00c3\u00b6nnen. <!--more-->Wenn wir begreifen w\u00c3\u00bcrden, dass Waffen nicht in Privatbesitz geh\u00c3\u00b6ren, w\u00c3\u00a4re schon eine Menge geschafft.<br \/>\nDie Mitglieder der Schie\u00c3\u0178sportvereine selbst sollten so vern\u00c3\u00bcnftig sein und ihre Waffen in der Umgebung belassen, in der sie diesen, in meinen Augen Nicht-(Sport), betreiben.<br \/>\nEs ist doch wohl beim besten Willen nicht zu \u00c3\u00bcbersehen, dass dies gestern bisher der vierte amoklaufende <em>Sohn eines Mannes<\/em> war, der meinte sein privates Waffenarsenal zu Hause aufbewahren zu m\u00c3\u00bcssen.<br \/>\nVon nix kommt halt nix, oder? Ich meine schon, dass die V\u00c3\u00a4ter dieser amoklaufenden Knaben ein gro\u00c3\u0178es St\u00c3\u00bcck Eigenverantwortung daf\u00c3\u00bcr  tragen, was ihre S\u00c3\u00b6hne da trieben.<br \/>\nGesetzt den Fall, mein Herr Sohn w\u00c3\u00bcrde durchknallen und meinen, er m\u00c3\u00bcsste aus Frust oder anderen Beweggr\u00c3\u00bcnden in eine Schule eindringen und dem Leben von Lehrern und Sch\u00c3\u00bclern ein Ende setzen, er h\u00c3\u00a4tte jedenfalls sehr gro\u00c3\u0178e Probleme sich irgendeine  Knarre zu besorgen, um sein Vorhaben durchf\u00c3\u00bchren zu k\u00c3\u00b6nnen, da weder sein Vater noch ich zu den Waffenfetischisten z\u00c3\u00a4hlen.<br \/>\nIm \u00c3\u0153brigen, nur ganz nebenbei, wird auch ums Verrecken nicht thematisiert, dass diese Amokl\u00c3\u00a4ufer nicht zu der weiblichen Spezies geh\u00c3\u00b6ren, sondern zur m\u00c3\u00a4nnlichen. Dies scheint auch eins der vielen Tabuthemen unserer heutigen Zeit zu sein.<br \/>\nWas steckt da in m\u00c3\u00a4nnlichen Gehirnen, dass sie, wenn sie schon sich selbst zerst\u00c3\u00b6ren m\u00c3\u00bcssen, gleich noch einige Unschuldige, nicht Betroffene mit in den Tod nehmen m\u00c3\u00bcssen?<\/p>\n<p><a href=\"http:\/\/www.wdr.de\/tv\/monitor\/sendungen\/2009\/0312\/amok.php5\" target=\"_blank\">http:\/\/www.wdr.de\/tv\/monitor\/sendungen\/2009\/0312\/amok.php5<\/a><\/p>\n","protected":false},"excerpt":{"rendered":"<p>\u00e2\u20ac\u00a6generell scheint in diesem unserem Lande nicht ganz in Ordnung zu sein, wenn es bis heute kein Thema ist, Waffenbesitz vern\u00c3\u00bcnftig zu reglementieren. Wir kommen jedoch anscheinend nicht darum herum daf\u00c3\u00bcr zu sorgen, dass Halbw\u00c3\u00bcchsige (Pubertierende) sich nicht so ohne weiteres am Waffenarsenal ihres Herrn Papa bedienen k\u00c3\u00b6nnen.<\/p>\n","protected":false},"author":1,"featured_media":0,"comment_status":"open","ping_status":"open","sticky":false,"template":"","format":"standard","meta":{"footnotes":""},"categories":[40],"tags":[],"jetpack_featured_media_url":"","_links":{"self":[{"href":"http:\/\/www.kunstgalerie-barbara.de\/blog\/wp-json\/wp\/v2\/posts\/1396"}],"collection":[{"href":"http:\/\/www.kunstgalerie-barbara.de\/blog\/wp-json\/wp\/v2\/posts"}],"about":[{"href":"http:\/\/www.kunstgalerie-barbara.de\/blog\/wp-json\/wp\/v2\/types\/post"}],"author":[{"embeddable":true,"href":"http:\/\/www.kunstgalerie-barbara.de\/blog\/wp-json\/wp\/v2\/users\/1"}],"replies":[{"embeddable":true,"href":"http:\/\/www.kunstgalerie-barbara.de\/blog\/wp-json\/wp\/v2\/comments?post=1396"}],"version-history":[{"count":1,"href":"http:\/\/www.kunstgalerie-barbara.de\/blog\/wp-json\/wp\/v2\/posts\/1396\/revisions"}],"predecessor-version":[{"id":4555,"href":"http:\/\/www.kunstgalerie-barbara.de\/blog\/wp-json\/wp\/v2\/posts\/1396\/revisions\/4555"}],"wp:attachment":[{"href":"http:\/\/www.kunstgalerie-barbara.de\/blog\/wp-json\/wp\/v2\/media?parent=1396"}],"wp:term":[{"taxonomy":"category","embeddable":true,"href":"http:\/\/www.kunstgalerie-barbara.de\/blog\/wp-json\/wp\/v2\/categories?post=1396"},{"taxonomy":"post_tag","embeddable":true,"href":"http:\/\/www.kunstgalerie-barbara.de\/blog\/wp-json\/wp\/v2\/tags?post=1396"}],"curies":[{"name":"wp","href":"https:\/\/api.w.org\/{rel}","templated":true}]}}