{"id":14002,"date":"2014-05-15T16:44:17","date_gmt":"2014-05-15T14:44:17","guid":{"rendered":"http:\/\/www.kunstgalerie-barbara.de\/blog\/?p=14002"},"modified":"2014-05-18T07:10:29","modified_gmt":"2014-05-18T05:10:29","slug":"die-eu-plant-einen-maulkorb-fuer-lebensmittelkontrolleure","status":"publish","type":"post","link":"http:\/\/www.kunstgalerie-barbara.de\/blog\/2014\/05\/die-eu-plant-einen-maulkorb-fuer-lebensmittelkontrolleure\/","title":{"rendered":"Die EU plant einen Maulkorb f\u00fcr Lebensmittelkontrolleure"},"content":{"rendered":"<p>kurz vor der Europawahl gibt es absurde Neuigkeiten aus Br\u00fcssel. <b>Die EU plant einen Maulkorb f\u00fcr Lebensmittelkontrolleure<\/b> &#8211; anders kann man das nicht sagen. Die Neufassung der sogenannten Kontrollverordnung sieht die umfassende &#8220;Geheimhaltungspflicht&#8221; von Lebensmittelkontrollergebnissen vor. Wenn der &#8220;Schutz der gesch\u00e4ftlichen Interessen&#8221; von Unternehmen &#8220;beeintr\u00e4chtigt&#8221; w\u00fcrde, darf nichts mehr ver\u00f6ffentlicht werden. Mit Verlaub: Dies w\u00e4re nicht weniger als ein R\u00fcckfall ins finsterste Mittelalter. <!--more--><b>Ver\u00f6ffentlichungen wegen T\u00e4uschung, Betrug oder ekelerregenden Zust\u00e4nden w\u00fcrden quasi verboten.<\/b> Wenn diese EU-Verordnung Gesetz wird, gibt es in Zukunft sicherlich weniger Lebensmittelskandale &#8211; weil die \u00d6ffentlichkeit von den Skandalen erst gar nicht erfahren wird!<\/p>\n<p>Sie finden das ebenso unglaublich wie wir? Dann schlie\u00dfen Sie sich jetzt unserer Forderung nach einem Smiley-System an! Seit Jahren fordern wir, dass Lebensmittelbeh\u00f6rden ALLE ihnen vorliegenden Informationen ver\u00f6ffentlichen m\u00fcssen! Dar\u00fcber hinaus m\u00fcssen alle Kontrollergebnisse direkt vor Ort in Gastst\u00e4tten und Lebensmittell\u00e4den ausgeh\u00e4ngt werden &#8211; wie es D\u00e4nemark seit Jahren mit dem Smiley-System vormacht. In diesen Tagen sitzen die Verbraucherschutzminister der L\u00e4nder und des Bundes in Rostock zusammen. Mit einem Offenen Brief haben wir diese heute aufgefordert, sich gegen die verbraucherfeindlichen Maulkorb-Pl\u00e4ne der EU stark zu machen.<b><\/b><\/p>\n<p>Wir wollen \u00fcber Schmuddelbetriebe informiert werden! <b>Schreiben Sie daher jetzt an Bundesern\u00e4hrungsminister Christian Schmidt und fordern Sie ein transparentes Smiley-System auch in Deutschland: <\/b><\/p>\n<p><a style=\"font-family: Arial, Helvetica, sans-serif; color: #f4a101; font-weight: bold; text-decoration: underline;\" href=\"http:\/\/mailings.foodwatch.de\/c\/14348033\/2df34cbc6ea71-n5mdg3\" target=\"_blank\">www.foodwatch.de\/smiley-aktion<\/a> Klicken Sie sich rein,<\/p>\n<p>Ihr foodwatch-Team<\/p>\n","protected":false},"excerpt":{"rendered":"<p>kurz vor der Europawahl gibt es absurde Neuigkeiten aus Br\u00fcssel. Die EU plant einen Maulkorb f\u00fcr Lebensmittelkontrolleure &#8211; anders kann man das nicht sagen. Die Neufassung der sogenannten Kontrollverordnung sieht die umfassende &#8220;Geheimhaltungspflicht&#8221; von Lebensmittelkontrollergebnissen vor. Wenn der &#8220;Schutz der gesch\u00e4ftlichen Interessen&#8221; von Unternehmen &#8220;beeintr\u00e4chtigt&#8221; w\u00fcrde, darf nichts mehr ver\u00f6ffentlicht werden. Mit Verlaub: Dies w\u00e4re nicht weniger als ein R\u00fcckfall ins finsterste Mittelalter.<\/p>\n","protected":false},"author":1,"featured_media":0,"comment_status":"open","ping_status":"open","sticky":false,"template":"","format":"standard","meta":{"footnotes":""},"categories":[42,40,51,64],"tags":[],"jetpack_featured_media_url":"","_links":{"self":[{"href":"http:\/\/www.kunstgalerie-barbara.de\/blog\/wp-json\/wp\/v2\/posts\/14002"}],"collection":[{"href":"http:\/\/www.kunstgalerie-barbara.de\/blog\/wp-json\/wp\/v2\/posts"}],"about":[{"href":"http:\/\/www.kunstgalerie-barbara.de\/blog\/wp-json\/wp\/v2\/types\/post"}],"author":[{"embeddable":true,"href":"http:\/\/www.kunstgalerie-barbara.de\/blog\/wp-json\/wp\/v2\/users\/1"}],"replies":[{"embeddable":true,"href":"http:\/\/www.kunstgalerie-barbara.de\/blog\/wp-json\/wp\/v2\/comments?post=14002"}],"version-history":[{"count":1,"href":"http:\/\/www.kunstgalerie-barbara.de\/blog\/wp-json\/wp\/v2\/posts\/14002\/revisions"}],"predecessor-version":[{"id":14023,"href":"http:\/\/www.kunstgalerie-barbara.de\/blog\/wp-json\/wp\/v2\/posts\/14002\/revisions\/14023"}],"wp:attachment":[{"href":"http:\/\/www.kunstgalerie-barbara.de\/blog\/wp-json\/wp\/v2\/media?parent=14002"}],"wp:term":[{"taxonomy":"category","embeddable":true,"href":"http:\/\/www.kunstgalerie-barbara.de\/blog\/wp-json\/wp\/v2\/categories?post=14002"},{"taxonomy":"post_tag","embeddable":true,"href":"http:\/\/www.kunstgalerie-barbara.de\/blog\/wp-json\/wp\/v2\/tags?post=14002"}],"curies":[{"name":"wp","href":"https:\/\/api.w.org\/{rel}","templated":true}]}}